{"id":14384,"date":"2025-02-25T18:41:11","date_gmt":"2025-02-26T00:41:11","guid":{"rendered":"https:\/\/www.radiointeractivo.com.mx\/?p=14384"},"modified":"2025-02-25T18:41:12","modified_gmt":"2025-02-26T00:41:12","slug":"invita-gobierno-municipal-a-participar-en-el-maraton-binacional-2025-un-evento-que-une-dos-naciones","status":"publish","type":"post","link":"https:\/\/www.radiointeractivo.com.mx\/?p=14384","title":{"rendered":"INVITA GOBIERNO MUNICIPAL A PARTICIPAR EN EL MARAT\u00d3N BINACIONAL 2025: UN EVENTO QUE UNE DOS NACIONES"},"content":{"rendered":"\n<figure class=\"wp-block-image size-large\"><img loading=\"lazy\" decoding=\"async\" width=\"1024\" height=\"682\" src=\"https:\/\/www.radiointeractivo.com.mx\/wp-content\/uploads\/2025\/02\/WhatsApp-Image-2025-02-25-at-2.47.41-PM-1024x682.jpeg\" alt=\"\" class=\"wp-image-14385\" srcset=\"https:\/\/www.radiointeractivo.com.mx\/wp-content\/uploads\/2025\/02\/WhatsApp-Image-2025-02-25-at-2.47.41-PM-1024x682.jpeg 1024w, https:\/\/www.radiointeractivo.com.mx\/wp-content\/uploads\/2025\/02\/WhatsApp-Image-2025-02-25-at-2.47.41-PM-300x200.jpeg 300w, https:\/\/www.radiointeractivo.com.mx\/wp-content\/uploads\/2025\/02\/WhatsApp-Image-2025-02-25-at-2.47.41-PM-768x512.jpeg 768w, https:\/\/www.radiointeractivo.com.mx\/wp-content\/uploads\/2025\/02\/WhatsApp-Image-2025-02-25-at-2.47.41-PM-1536x1023.jpeg 1536w, https:\/\/www.radiointeractivo.com.mx\/wp-content\/uploads\/2025\/02\/WhatsApp-Image-2025-02-25-at-2.47.41-PM-310x205.jpeg 310w, https:\/\/www.radiointeractivo.com.mx\/wp-content\/uploads\/2025\/02\/WhatsApp-Image-2025-02-25-at-2.47.41-PM.jpeg 1600w\" sizes=\"auto, (max-width: 1024px) 100vw, 1024px\" \/><\/figure>\n\n\n\n<p>Por: Staff | #NuevoLaredo #Laredo #NLD #Tamaulipas<\/p>\n\n\n\n<p>El pr\u00f3ximo domingo 30 de marzo de 2025, corredores de M\u00e9xico y Estados Unidos se dar\u00e1n cita en la segunda edici\u00f3n del Marat\u00f3n Binacional, una competencia que trasciende fronteras y celebra la hermandad entre ambos pa\u00edses a trav\u00e9s del deporte.<\/p>\n\n\n\n<p>Este evento est\u00e1 dise\u00f1ado para atletas de todos los niveles, desde corredores experimentados hasta aquellos que debutan en el mundo del marat\u00f3n, brindando la oportunidad de compartir el desaf\u00edo y la emoci\u00f3n de esta experiencia \u00fanica.<\/p>\n\n\n\n<p>Los atletas podr\u00e1n inscribirse para competir en distancias de 5, 10, 21 y 42 kil\u00f3metros; todas las categor\u00edas recorrer\u00e1n una ruta que abarca las ciudades de Laredo, Texas y Nuevo Laredo.<\/p>\n\n\n\n<p>Para participar, es indispensable contar con visa de turista vigente, ya que sin este documento no se podr\u00e1 completar el registro en la competencia.<\/p>\n\n\n\n<p>El costo de inscripci\u00f3n es de $500 pesos y se puede realizar mediante transferencia o dep\u00f3sito bancario en las cuentas que se indicar\u00e1n en la convocatoria oficial. Adem\u00e1s, como incentivo especial, los primeros 500 corredores inscritos recibir\u00e1n un kit exclusivo conmemorativo del evento.<\/p>\n\n\n\n<p>Los interesados en inscribirse pueden hacerlo a trav\u00e9s del siguiente enlace: <a href=\"https:\/\/docs.google.com\/forms\/d\/e\/1FAIpQLScMuIQjL6RMos7AQKFmHJiNYkZMl2cO0rZY-69iRTyOMR4gAw\/viewform\">https:\/\/docs.google.com\/forms\/d\/e\/1FAIpQLScMuIQjL6RMos7AQKFmHJiNYkZMl2cO0rZY-69iRTyOMR4gAw\/viewform<\/a><\/p>\n\n\n\n<p>El Marat\u00f3n Binacional 2025 promete ser una experiencia inolvidable, uniendo a dos naciones en un mismo esp\u00edritu de esfuerzo, superaci\u00f3n y fraternidad.<\/p>\n","protected":false},"excerpt":{"rendered":"<p>Por: Staff | #NuevoLaredo #Laredo #NLD #Tamaulipas El pr\u00f3ximo domingo 30 de marzo de 2025, corredores de M\u00e9xico y Estados Unidos se dar\u00e1n cita en la segunda edici\u00f3n del Marat\u00f3n Binacional, una competencia que trasciende fronteras y celebra la hermandad entre ambos pa\u00edses a trav\u00e9s del deporte. Este evento est\u00e1 dise\u00f1ado para atletas de todos &hellip;<\/p>\n","protected":false},"author":1,"featured_media":14385,"comment_status":"open","ping_status":"open","sticky":false,"template":"","format":"standard","meta":{"footnotes":""},"categories":[38],"tags":[],"class_list":["post-14384","post","type-post","status-publish","format-standard","has-post-thumbnail","","category-nuevo-laredo"],"_links":{"self":[{"href":"https:\/\/www.radiointeractivo.com.mx\/index.php?rest_route=\/wp\/v2\/posts\/14384","targetHints":{"allow":["GET"]}}],"collection":[{"href":"https:\/\/www.radiointeractivo.com.mx\/index.php?rest_route=\/wp\/v2\/posts"}],"about":[{"href":"https:\/\/www.radiointeractivo.com.mx\/index.php?rest_route=\/wp\/v2\/types\/post"}],"author":[{"embeddable":true,"href":"https:\/\/www.radiointeractivo.com.mx\/index.php?rest_route=\/wp\/v2\/users\/1"}],"replies":[{"embeddable":true,"href":"https:\/\/www.radiointeractivo.com.mx\/index.php?rest_route=%2Fwp%2Fv2%2Fcomments&post=14384"}],"version-history":[{"count":1,"href":"https:\/\/www.radiointeractivo.com.mx\/index.php?rest_route=\/wp\/v2\/posts\/14384\/revisions"}],"predecessor-version":[{"id":14386,"href":"https:\/\/www.radiointeractivo.com.mx\/index.php?rest_route=\/wp\/v2\/posts\/14384\/revisions\/14386"}],"wp:featuredmedia":[{"embeddable":true,"href":"https:\/\/www.radiointeractivo.com.mx\/index.php?rest_route=\/wp\/v2\/media\/14385"}],"wp:attachment":[{"href":"https:\/\/www.radiointeractivo.com.mx\/index.php?rest_route=%2Fwp%2Fv2%2Fmedia&parent=14384"}],"wp:term":[{"taxonomy":"category","embeddable":true,"href":"https:\/\/www.radiointeractivo.com.mx\/index.php?rest_route=%2Fwp%2Fv2%2Fcategories&post=14384"},{"taxonomy":"post_tag","embeddable":true,"href":"https:\/\/www.radiointeractivo.com.mx\/index.php?rest_route=%2Fwp%2Fv2%2Ftags&post=14384"}],"curies":[{"name":"wp","href":"https:\/\/api.w.org\/{rel}","templated":true}]}}