{"id":14368,"date":"2025-02-24T17:13:39","date_gmt":"2025-02-24T23:13:39","guid":{"rendered":"https:\/\/www.radiointeractivo.com.mx\/?p=14368"},"modified":"2025-02-24T17:13:40","modified_gmt":"2025-02-24T23:13:40","slug":"arranca-gobierno-de-tamaulipas-academia-social-de-valores","status":"publish","type":"post","link":"https:\/\/www.radiointeractivo.com.mx\/?p=14368","title":{"rendered":"Arranca Gobierno de Tamaulipas Academia Social de Valores"},"content":{"rendered":"\n<figure class=\"wp-block-image size-large\"><img loading=\"lazy\" decoding=\"async\" width=\"1024\" height=\"682\" src=\"https:\/\/www.radiointeractivo.com.mx\/wp-content\/uploads\/2025\/02\/WhatsApp-Image-2025-02-24-at-3.40.48-PM-1-1024x682.jpeg\" alt=\"\" class=\"wp-image-14369\" srcset=\"https:\/\/www.radiointeractivo.com.mx\/wp-content\/uploads\/2025\/02\/WhatsApp-Image-2025-02-24-at-3.40.48-PM-1-1024x682.jpeg 1024w, https:\/\/www.radiointeractivo.com.mx\/wp-content\/uploads\/2025\/02\/WhatsApp-Image-2025-02-24-at-3.40.48-PM-1-300x200.jpeg 300w, https:\/\/www.radiointeractivo.com.mx\/wp-content\/uploads\/2025\/02\/WhatsApp-Image-2025-02-24-at-3.40.48-PM-1-768x512.jpeg 768w, https:\/\/www.radiointeractivo.com.mx\/wp-content\/uploads\/2025\/02\/WhatsApp-Image-2025-02-24-at-3.40.48-PM-1-1536x1023.jpeg 1536w, https:\/\/www.radiointeractivo.com.mx\/wp-content\/uploads\/2025\/02\/WhatsApp-Image-2025-02-24-at-3.40.48-PM-1-310x205.jpeg 310w, https:\/\/www.radiointeractivo.com.mx\/wp-content\/uploads\/2025\/02\/WhatsApp-Image-2025-02-24-at-3.40.48-PM-1.jpeg 1600w\" sizes=\"auto, (max-width: 1024px) 100vw, 1024px\" \/><\/figure>\n\n\n\n<p>Por: Agencias<\/p>\n\n\n\n<p>Ciudad Victoria, Tamaulipas.- Con el compromiso del gobernador Am\u00e9rico Villarreal Anaya de fortalecer los valores c\u00edvicos y \u00e9ticos en la ni\u00f1ez tamaulipeca, la Secretar\u00eda de Bienestar Social, encabezada por Silvia Casas Gonz\u00e1lez, dio inicio a la estrategia Academia Social de Valores y jornadas c\u00edvicas.<\/p>\n\n\n\n<p>Esta estrategia impactar\u00e1 a m\u00e1s de 31 escuelas primarias de Ciudad Victoria, brindando actividades c\u00edvicas, deportivas, de lectura, salud, protecci\u00f3n civil, de cuidado al medio ambiente, art\u00edsticas, culturales, entre muchas otras.<\/p>\n\n\n\n<p>La Academia Social de Valores busca acercar al Gobierno del Estado al segmento de la ni\u00f1ez, una etapa fundamental para la formaci\u00f3n de valores y la disciplina. A trav\u00e9s del estudio, el deporte y las actividades extraescolares, se refuerzan los pilares de una sociedad m\u00e1s justa y solidaria.<\/p>\n\n\n\n<p>Esta estrategia se implementar\u00e1 en escuelas de zonas con rezago social, acercando a las y los estudiantes a este proceso para la formaci\u00f3n y refuerzo de valores, la cual inicia el 24 de febrero y termina el 19 de diciembre de 2025.<\/p>\n\n\n\n<p>ACTIVIDADES Y DEPENDENCIAS PARTICIPANTES<\/p>\n\n\n\n<p>El Sistema DIF Tamaulipas llevar\u00e1 a cabo talleres sobre bondad y paz, empat\u00eda y solidaridad, equidad y honradez. La Secretar\u00eda de Desarrollo Urbano y Medio Ambiente organizar\u00e1 actividades sobre separaci\u00f3n de residuos, marat\u00f3n infantil y la campa\u00f1a &#8220;Vamos a cuidar el agua&#8221;.<\/p>\n\n\n\n<p>La Secretar\u00eda de Salud impartir\u00e1 acciones relacionadas con la t\u00e9cnica de higiene de manos, etiquetado y clasificaci\u00f3n de los alimentos, &#8220;papa caliente de valores&#8221;, snack saludable, cuidado de la pelota y agudeza visual, mientras que la Coordinaci\u00f3n Estatal de Protecci\u00f3n Civil del Estado instruir\u00e1 en temas como mochila de emergencia, evacuaci\u00f3n del aula y unidades de emergencia.<\/p>\n\n\n\n<p>Por su parte, la Coordinaci\u00f3n de Formaci\u00f3n y Capacitaci\u00f3n de la SEBIEN brindar\u00e1 c\u00e1psulas informativas dirigidas a tutores, madres, padres de familia, cuidadores y docentes. La Subsecretar\u00eda de Derechos Humanos y Articulaci\u00f3n Social desarrollar\u00e1 actividades como la loter\u00eda de valores, memorama de valores y pl\u00e1ticas sobre igualdad sin exclusi\u00f3n.<\/p>\n\n\n\n<p>El Instituto Tamaulipeco para la Cultura y las Artes (ITCA) promover\u00e1 conciertos did\u00e1cticos, fomento a la lectura, jornadas c\u00edvicas y recorridos guiados. Finalmente, el Instituto del Deporte de Tamaulipas (INDE) fomentar\u00e1 la actividad f\u00edsica con activaciones y exhibiciones de disciplinas deportivas como b\u00e9isbol, judo, taekwondo, karate y tenis.<\/p>\n\n\n\n<p>Los alumnos y padres de familia vivir\u00e1n una experiencia transformadora que fomenta el aprendizaje y los valores. Con esta formaci\u00f3n, el Gobierno del Estado refuerza su compromiso de construir una sociedad con cultura c\u00edvica y \u00e9tica, promoviendo la reconstrucci\u00f3n del tejido social en Tamaulipas.<\/p>\n","protected":false},"excerpt":{"rendered":"<p>Por: Agencias Ciudad Victoria, Tamaulipas.- Con el compromiso del gobernador Am\u00e9rico Villarreal Anaya de fortalecer los valores c\u00edvicos y \u00e9ticos en la ni\u00f1ez tamaulipeca, la Secretar\u00eda de Bienestar Social, encabezada por Silvia Casas Gonz\u00e1lez, dio inicio a la estrategia Academia Social de Valores y jornadas c\u00edvicas. Esta estrategia impactar\u00e1 a m\u00e1s de 31 escuelas primarias &hellip;<\/p>\n","protected":false},"author":1,"featured_media":14370,"comment_status":"open","ping_status":"open","sticky":false,"template":"","format":"standard","meta":{"footnotes":""},"categories":[39],"tags":[],"class_list":["post-14368","post","type-post","status-publish","format-standard","has-post-thumbnail","","category-tamaulipas"],"_links":{"self":[{"href":"https:\/\/www.radiointeractivo.com.mx\/index.php?rest_route=\/wp\/v2\/posts\/14368","targetHints":{"allow":["GET"]}}],"collection":[{"href":"https:\/\/www.radiointeractivo.com.mx\/index.php?rest_route=\/wp\/v2\/posts"}],"about":[{"href":"https:\/\/www.radiointeractivo.com.mx\/index.php?rest_route=\/wp\/v2\/types\/post"}],"author":[{"embeddable":true,"href":"https:\/\/www.radiointeractivo.com.mx\/index.php?rest_route=\/wp\/v2\/users\/1"}],"replies":[{"embeddable":true,"href":"https:\/\/www.radiointeractivo.com.mx\/index.php?rest_route=%2Fwp%2Fv2%2Fcomments&post=14368"}],"version-history":[{"count":1,"href":"https:\/\/www.radiointeractivo.com.mx\/index.php?rest_route=\/wp\/v2\/posts\/14368\/revisions"}],"predecessor-version":[{"id":14371,"href":"https:\/\/www.radiointeractivo.com.mx\/index.php?rest_route=\/wp\/v2\/posts\/14368\/revisions\/14371"}],"wp:featuredmedia":[{"embeddable":true,"href":"https:\/\/www.radiointeractivo.com.mx\/index.php?rest_route=\/wp\/v2\/media\/14370"}],"wp:attachment":[{"href":"https:\/\/www.radiointeractivo.com.mx\/index.php?rest_route=%2Fwp%2Fv2%2Fmedia&parent=14368"}],"wp:term":[{"taxonomy":"category","embeddable":true,"href":"https:\/\/www.radiointeractivo.com.mx\/index.php?rest_route=%2Fwp%2Fv2%2Fcategories&post=14368"},{"taxonomy":"post_tag","embeddable":true,"href":"https:\/\/www.radiointeractivo.com.mx\/index.php?rest_route=%2Fwp%2Fv2%2Ftags&post=14368"}],"curies":[{"name":"wp","href":"https:\/\/api.w.org\/{rel}","templated":true}]}}