{"id":14352,"date":"2025-02-24T16:48:20","date_gmt":"2025-02-24T22:48:20","guid":{"rendered":"https:\/\/www.radiointeractivo.com.mx\/?p=14352"},"modified":"2025-02-24T16:48:21","modified_gmt":"2025-02-24T22:48:21","slug":"encabeza-alcaldesa-carmen-lilia-canturosas-celebracion-del-dia-de-la-bandera-junto-a-cientos-de-estudiantes-de-nuevo-laredo","status":"publish","type":"post","link":"https:\/\/www.radiointeractivo.com.mx\/?p=14352","title":{"rendered":"ENCABEZA ALCALDESA CARMEN LILIA CANTUROSAS CELEBRACI\u00d3N DEL D\u00cdA DE LA BANDERA JUNTO A CIENTOS DE ESTUDIANTES DE NUEVO LAREDO"},"content":{"rendered":"\n<figure class=\"wp-block-image size-large\"><img loading=\"lazy\" decoding=\"async\" width=\"1024\" height=\"683\" src=\"https:\/\/www.radiointeractivo.com.mx\/wp-content\/uploads\/2025\/02\/WhatsApp-Image-2025-02-24-at-2.34.41-PM-1024x683.jpeg\" alt=\"\" class=\"wp-image-14353\" srcset=\"https:\/\/www.radiointeractivo.com.mx\/wp-content\/uploads\/2025\/02\/WhatsApp-Image-2025-02-24-at-2.34.41-PM-1024x683.jpeg 1024w, https:\/\/www.radiointeractivo.com.mx\/wp-content\/uploads\/2025\/02\/WhatsApp-Image-2025-02-24-at-2.34.41-PM-300x200.jpeg 300w, https:\/\/www.radiointeractivo.com.mx\/wp-content\/uploads\/2025\/02\/WhatsApp-Image-2025-02-24-at-2.34.41-PM-768x512.jpeg 768w, https:\/\/www.radiointeractivo.com.mx\/wp-content\/uploads\/2025\/02\/WhatsApp-Image-2025-02-24-at-2.34.41-PM.jpeg 1440w\" sizes=\"auto, (max-width: 1024px) 100vw, 1024px\" \/><\/figure>\n\n\n\n<p>Por: Staff | #NuevoLaredo #Laredo #NLD #Tamaulipas<\/p>\n\n\n\n<p>Junto a cientos de estudiantes y con el orgullo patrio en alto, la presidenta municipal Carmen Lilia Canturosas Villarreal encabez\u00f3 la conmemoraci\u00f3n del D\u00eda de la Bandera en una solemne ceremonia c\u00edvica realizada en el D\u00e9cimo Sexto Regimiento de Caballer\u00eda Motorizado de Nuevo Laredo.<\/p>\n\n\n\n<p>Junto a la alcaldesa, el General Brigadier D.E.M. Miguel \u00c1ngel Ram\u00edrez Canchola, Comandante de la Guarnici\u00f3n Militar de Nuevo Laredo y el Coronel de Caballer\u00eda D.E.M Ricardo Lopez Palafox, Comandante del 16 Regimiento de Caballer\u00eda Motorizado, marcaron el inicio de la ceremonia con los honores a la bandera y el izamiento del l\u00e1baro patrio, en un acto solemne a cargo del personal militar.<\/p>\n\n\n\n<p>Uno de los momentos m\u00e1s emotivos fue la incineraci\u00f3n de los l\u00e1baros patrios en desuso. Con una profunda solemnidad, las llamas consumieron cada bandera, en un ritual cargado de simbolismo y respeto, donde se record\u00f3 que la bandera no se desecha, sino que se despide con dignidad, como se honra a los grandes s\u00edmbolos de la patria.<\/p>\n\n\n\n<p>&#8220;Hoy rendimos homenaje a nuestro s\u00edmbolo patrio m\u00e1s querido, un emblema de unidad, libertad y soberan\u00eda. La incineraci\u00f3n de estas banderas que han cumplido su servicio es un acto de honor, que simboliza el respeto por nuestra historia y la renovaci\u00f3n de nuestro compromiso con M\u00e9xico&#8221;, expres\u00f3 la presidenta municipal en su mensaje, destacando la importancia de los valores c\u00edvicos en la formaci\u00f3n de las nuevas generaciones.<\/p>\n\n\n\n<p>El acto continu\u00f3 con la toma de protesta a 33 nuevas escoltas, quienes con firmeza y orgullo recibieron las banderas que representar\u00e1n en adelante el honor y la identidad de sus instituciones educativas. Con voz fuerte y decidida, los estudiantes juraron lealtad a la ense\u00f1a nacional, reafirmando as\u00ed su compromiso con M\u00e9xico.<\/p>\n\n\n\n<p>En el evento tambi\u00e9n particip\u00f3 el alumno \u00d3scar Haziel Tolentino Tovar, de la escuela primaria Pedro J. M\u00e9ndez, quien present\u00f3 las efem\u00e9rides de la semana, resaltando momentos hist\u00f3ricos que han forjado la naci\u00f3n.<\/p>\n\n\n\n<p>La ceremonia concluy\u00f3 con un mensaje de uni\u00f3n y patriotismo, dejando en todos los presentes la certeza de que la bandera no solo es un s\u00edmbolo, sino el reflejo de la identidad, la historia y el esp\u00edritu de un pa\u00eds que avanza con orgullo y determinaci\u00f3n.<\/p>\n\n\n\n<p>Al evento acudieron el Diputado Federal, Carlos Canturosas Villarreal; los Diputados Locales, Gabriela Regalado Fuentes y Ana Laura Huerta Valdovinos; as\u00ed como s\u00edndicos, regidores y autoridades educativas de la ciudad.<\/p>\n","protected":false},"excerpt":{"rendered":"<p>Por: Staff | #NuevoLaredo #Laredo #NLD #Tamaulipas Junto a cientos de estudiantes y con el orgullo patrio en alto, la presidenta municipal Carmen Lilia Canturosas Villarreal encabez\u00f3 la conmemoraci\u00f3n del D\u00eda de la Bandera en una solemne ceremonia c\u00edvica realizada en el D\u00e9cimo Sexto Regimiento de Caballer\u00eda Motorizado de Nuevo Laredo. Junto a la alcaldesa, &hellip;<\/p>\n","protected":false},"author":1,"featured_media":14354,"comment_status":"open","ping_status":"open","sticky":false,"template":"","format":"standard","meta":{"footnotes":""},"categories":[38],"tags":[],"class_list":["post-14352","post","type-post","status-publish","format-standard","has-post-thumbnail","","category-nuevo-laredo"],"_links":{"self":[{"href":"https:\/\/www.radiointeractivo.com.mx\/index.php?rest_route=\/wp\/v2\/posts\/14352","targetHints":{"allow":["GET"]}}],"collection":[{"href":"https:\/\/www.radiointeractivo.com.mx\/index.php?rest_route=\/wp\/v2\/posts"}],"about":[{"href":"https:\/\/www.radiointeractivo.com.mx\/index.php?rest_route=\/wp\/v2\/types\/post"}],"author":[{"embeddable":true,"href":"https:\/\/www.radiointeractivo.com.mx\/index.php?rest_route=\/wp\/v2\/users\/1"}],"replies":[{"embeddable":true,"href":"https:\/\/www.radiointeractivo.com.mx\/index.php?rest_route=%2Fwp%2Fv2%2Fcomments&post=14352"}],"version-history":[{"count":1,"href":"https:\/\/www.radiointeractivo.com.mx\/index.php?rest_route=\/wp\/v2\/posts\/14352\/revisions"}],"predecessor-version":[{"id":14355,"href":"https:\/\/www.radiointeractivo.com.mx\/index.php?rest_route=\/wp\/v2\/posts\/14352\/revisions\/14355"}],"wp:featuredmedia":[{"embeddable":true,"href":"https:\/\/www.radiointeractivo.com.mx\/index.php?rest_route=\/wp\/v2\/media\/14354"}],"wp:attachment":[{"href":"https:\/\/www.radiointeractivo.com.mx\/index.php?rest_route=%2Fwp%2Fv2%2Fmedia&parent=14352"}],"wp:term":[{"taxonomy":"category","embeddable":true,"href":"https:\/\/www.radiointeractivo.com.mx\/index.php?rest_route=%2Fwp%2Fv2%2Fcategories&post=14352"},{"taxonomy":"post_tag","embeddable":true,"href":"https:\/\/www.radiointeractivo.com.mx\/index.php?rest_route=%2Fwp%2Fv2%2Ftags&post=14352"}],"curies":[{"name":"wp","href":"https:\/\/api.w.org\/{rel}","templated":true}]}}