{"id":14349,"date":"2025-02-24T16:33:00","date_gmt":"2025-02-24T22:33:00","guid":{"rendered":"https:\/\/www.radiointeractivo.com.mx\/?p=14349"},"modified":"2025-02-24T16:33:01","modified_gmt":"2025-02-24T22:33:01","slug":"dif-nuevo-laredo-brinda-atencion-integral-a-adultos-mayores-en-la-estancia-diurna-reina-de-la-paz","status":"publish","type":"post","link":"https:\/\/www.radiointeractivo.com.mx\/?p=14349","title":{"rendered":"DIF NUEVO LAREDO BRINDA ATENCI\u00d3N INTEGRAL A ADULTOS MAYORES EN LA ESTANCIA DIURNA &#8216;REINA DE LA PAZ&#8217;"},"content":{"rendered":"\n<figure class=\"wp-block-image size-large\"><img loading=\"lazy\" decoding=\"async\" width=\"1024\" height=\"682\" src=\"https:\/\/www.radiointeractivo.com.mx\/wp-content\/uploads\/2025\/02\/WhatsApp-Image-2025-02-24-at-2.32.34-PM-1-1024x682.jpeg\" alt=\"\" class=\"wp-image-14350\" srcset=\"https:\/\/www.radiointeractivo.com.mx\/wp-content\/uploads\/2025\/02\/WhatsApp-Image-2025-02-24-at-2.32.34-PM-1-1024x682.jpeg 1024w, https:\/\/www.radiointeractivo.com.mx\/wp-content\/uploads\/2025\/02\/WhatsApp-Image-2025-02-24-at-2.32.34-PM-1-300x200.jpeg 300w, https:\/\/www.radiointeractivo.com.mx\/wp-content\/uploads\/2025\/02\/WhatsApp-Image-2025-02-24-at-2.32.34-PM-1-768x512.jpeg 768w, https:\/\/www.radiointeractivo.com.mx\/wp-content\/uploads\/2025\/02\/WhatsApp-Image-2025-02-24-at-2.32.34-PM-1-310x205.jpeg 310w, https:\/\/www.radiointeractivo.com.mx\/wp-content\/uploads\/2025\/02\/WhatsApp-Image-2025-02-24-at-2.32.34-PM-1.jpeg 1280w\" sizes=\"auto, (max-width: 1024px) 100vw, 1024px\" \/><\/figure>\n\n\n\n<p>Por: Staff | #NuevoLaredo #Laredo #NLD #Tamaulipas<\/p>\n\n\n\n<p>Con el objetivo de mejorar la calidad de vida de los adultos mayores en la comunidad, el Sistema para el Desarrollo Integral de la Familia (DIF) Nuevo Laredo ofrece atenci\u00f3n en Estancia Diurna Reina de la Paz, un espacio dise\u00f1ado para proporcionar cuidado y actividades recreativas a personas mayores de 60 a\u00f1os.<\/p>\n\n\n\n<p>El centro est\u00e1 ubicado en la colonia Francisco Villa, y se ha convertido en un punto de encuentro donde los adultos mayores pueden disfrutar de un ambiente seguro y enriquecedor mientras sus familiares trabajan. A trav\u00e9s de diversas actividades, el centro promueve la salud f\u00edsica y emocional de los beneficiarios, fomentando su integraci\u00f3n social y bienestar general.<\/p>\n\n\n\n<p>Entre los servicios que ofrece se encuentran:estancia segura y confortable para adultos mayores, de 8 de la ma\u00f1ana a las 3:00 de la tarde, pl\u00e1ticas de salud y motivacionales, ejercicios cognitivos enfocados en la estimulaci\u00f3n mental y la memoria y talleres de manualidades para el desarrollo de habilidades creativas y recreativas.<\/p>\n\n\n\n<p>Viviano Vazquez, director general del Sistema DIF Nuevo Laredo destac\u00f3 la importancia de este servicio como una alternativa para las familias que buscan un espacio seguro y adecuado para el cuidado de sus adultos mayores.<\/p>\n\n\n\n<p>&#8220;Queremos que nuestros adultos mayores se sientan valorados y acompa\u00f1ados en un entorno donde puedan seguir desarroll\u00e1ndose y disfrutando de actividades que fortalezcan su bienestar&#8221;, expres\u00f3.<\/p>\n\n\n\n<p>El DIF Nuevo Laredo invita a las familias a conocer este servicio y considerar la estancia como una opci\u00f3n para sus seres queridos. Las personas interesadas pueden inscribirse en las instalaciones ubicadas en Silvestre Terrazas y Tom\u00e1s Urbina Sur, Col. Francisco Villa, o bien solicitar m\u00e1s informaci\u00f3n comunic\u00e1ndose al tel\u00e9fono (867) 726-3355.<\/p>\n\n\n\n<p>Las personas interesadas tienen que presentar los siguientes documentos del adulto mayor y del tutor: acta de nacimiento, credencial del INE, dos fotograf\u00edas tama\u00f1o infantil, CURP, comprobante de domicilio. As\u00ed como , estudio socioecon\u00f3mico elaborado por la estancia, estudio m\u00e9dico y psicol\u00f3gico para determinar el ingreso al DIF, y carta laboral del tutor del adulto mayor.<\/p>\n\n\n\n<p>Con esta iniciativa, el DIF Nuevo Laredo refuerza su compromiso con la atenci\u00f3n integral de los adultos mayores, garantizando espacios de convivencia y desarrollo donde la dignidad y el respeto sean prioridad.<\/p>\n","protected":false},"excerpt":{"rendered":"<p>Por: Staff | #NuevoLaredo #Laredo #NLD #Tamaulipas Con el objetivo de mejorar la calidad de vida de los adultos mayores en la comunidad, el Sistema para el Desarrollo Integral de la Familia (DIF) Nuevo Laredo ofrece atenci\u00f3n en Estancia Diurna Reina de la Paz, un espacio dise\u00f1ado para proporcionar cuidado y actividades recreativas a personas &hellip;<\/p>\n","protected":false},"author":1,"featured_media":14350,"comment_status":"open","ping_status":"open","sticky":false,"template":"","format":"standard","meta":{"footnotes":""},"categories":[38],"tags":[],"class_list":["post-14349","post","type-post","status-publish","format-standard","has-post-thumbnail","","category-nuevo-laredo"],"_links":{"self":[{"href":"https:\/\/www.radiointeractivo.com.mx\/index.php?rest_route=\/wp\/v2\/posts\/14349","targetHints":{"allow":["GET"]}}],"collection":[{"href":"https:\/\/www.radiointeractivo.com.mx\/index.php?rest_route=\/wp\/v2\/posts"}],"about":[{"href":"https:\/\/www.radiointeractivo.com.mx\/index.php?rest_route=\/wp\/v2\/types\/post"}],"author":[{"embeddable":true,"href":"https:\/\/www.radiointeractivo.com.mx\/index.php?rest_route=\/wp\/v2\/users\/1"}],"replies":[{"embeddable":true,"href":"https:\/\/www.radiointeractivo.com.mx\/index.php?rest_route=%2Fwp%2Fv2%2Fcomments&post=14349"}],"version-history":[{"count":1,"href":"https:\/\/www.radiointeractivo.com.mx\/index.php?rest_route=\/wp\/v2\/posts\/14349\/revisions"}],"predecessor-version":[{"id":14351,"href":"https:\/\/www.radiointeractivo.com.mx\/index.php?rest_route=\/wp\/v2\/posts\/14349\/revisions\/14351"}],"wp:featuredmedia":[{"embeddable":true,"href":"https:\/\/www.radiointeractivo.com.mx\/index.php?rest_route=\/wp\/v2\/media\/14350"}],"wp:attachment":[{"href":"https:\/\/www.radiointeractivo.com.mx\/index.php?rest_route=%2Fwp%2Fv2%2Fmedia&parent=14349"}],"wp:term":[{"taxonomy":"category","embeddable":true,"href":"https:\/\/www.radiointeractivo.com.mx\/index.php?rest_route=%2Fwp%2Fv2%2Fcategories&post=14349"},{"taxonomy":"post_tag","embeddable":true,"href":"https:\/\/www.radiointeractivo.com.mx\/index.php?rest_route=%2Fwp%2Fv2%2Ftags&post=14349"}],"curies":[{"name":"wp","href":"https:\/\/api.w.org\/{rel}","templated":true}]}}