{"id":14342,"date":"2025-02-24T16:17:18","date_gmt":"2025-02-24T22:17:18","guid":{"rendered":"https:\/\/www.radiointeractivo.com.mx\/?p=14342"},"modified":"2025-02-24T16:17:20","modified_gmt":"2025-02-24T22:17:20","slug":"exitosa-feria-de-adopciones-en-nuevo-laredo-31-mascotas-encuentran-un-hogar","status":"publish","type":"post","link":"https:\/\/www.radiointeractivo.com.mx\/?p=14342","title":{"rendered":"EXITOSA FERIA DE ADOPCIONES EN NUEVO LAREDO: 31 MASCOTAS ENCUENTRAN UN HOGAR"},"content":{"rendered":"\n<figure class=\"wp-block-image size-large\"><img loading=\"lazy\" decoding=\"async\" width=\"1024\" height=\"684\" src=\"https:\/\/www.radiointeractivo.com.mx\/wp-content\/uploads\/2025\/02\/WhatsApp-Image-2025-02-24-at-1.26.25-PM-1024x684.jpeg\" alt=\"\" class=\"wp-image-14343\" srcset=\"https:\/\/www.radiointeractivo.com.mx\/wp-content\/uploads\/2025\/02\/WhatsApp-Image-2025-02-24-at-1.26.25-PM-1024x684.jpeg 1024w, https:\/\/www.radiointeractivo.com.mx\/wp-content\/uploads\/2025\/02\/WhatsApp-Image-2025-02-24-at-1.26.25-PM-300x200.jpeg 300w, https:\/\/www.radiointeractivo.com.mx\/wp-content\/uploads\/2025\/02\/WhatsApp-Image-2025-02-24-at-1.26.25-PM-768x513.jpeg 768w, https:\/\/www.radiointeractivo.com.mx\/wp-content\/uploads\/2025\/02\/WhatsApp-Image-2025-02-24-at-1.26.25-PM-1536x1026.jpeg 1536w, https:\/\/www.radiointeractivo.com.mx\/wp-content\/uploads\/2025\/02\/WhatsApp-Image-2025-02-24-at-1.26.25-PM.jpeg 1600w\" sizes=\"auto, (max-width: 1024px) 100vw, 1024px\" \/><\/figure>\n\n\n\n<p>Por: Staff | #NuevoLaredo #Laredo #NLD #Tamaulipas<\/p>\n\n\n\n<p>La Direcci\u00f3n de Bienestar Social, en coordinaci\u00f3n con un grupo de rescatistas independientes, llev\u00f3 a cabo con \u00e9xito la Feria de Adopciones, un evento destinado a encontrar hogares responsables para perros y gatos en situaci\u00f3n de calle que han sido rescatados.<\/p>\n\n\n\n<p>Durante la jornada, 31 mascotas entre perros y gatos fueron adoptadas por familias comprometidas con brindarles una segunda oportunidad. Todos los animales entregados estaban previamente esterilizados y vacunados, garantizando as\u00ed que inicien su nueva vida con dignidad y bienestar.<\/p>\n\n\n\n<p>Estas acciones no solo benefician a los animales rescatados, sino que tambi\u00e9n contribuyen a erradicar la problem\u00e1tica de los perros y gatos en situaci\u00f3n de calle, promoviendo una tenencia responsable y el control poblacional de mascotas en la ciudad.<\/p>\n\n\n\n<p>La directora de Bienestar Social, Mariza Z\u00e1rate Flores, expres\u00f3 su agradecimiento a los rescatistas y a las familias adoptantes por su compromiso con esta noble causa.<\/p>\n\n\n\n<p>&#8220;Quiero agradecer profundamente a los rescatistas independientes que se han sumado a esta labor y, sobre todo, a las familias que han decidido hacer una adopci\u00f3n responsable. Gracias a ustedes, estas mascotas tienen una nueva oportunidad de vida llena de amor y cuidado&#8221;, se\u00f1al\u00f3.<\/p>\n\n\n\n<p>Con este tipo de iniciativas, el Gobierno Municipal reafirma su compromiso con el bienestar animal y con la construcci\u00f3n de una comunidad m\u00e1s consciente y solidaria.<\/p>\n","protected":false},"excerpt":{"rendered":"<p>Por: Staff | #NuevoLaredo #Laredo #NLD #Tamaulipas La Direcci\u00f3n de Bienestar Social, en coordinaci\u00f3n con un grupo de rescatistas independientes, llev\u00f3 a cabo con \u00e9xito la Feria de Adopciones, un evento destinado a encontrar hogares responsables para perros y gatos en situaci\u00f3n de calle que han sido rescatados. Durante la jornada, 31 mascotas entre perros &hellip;<\/p>\n","protected":false},"author":1,"featured_media":14343,"comment_status":"open","ping_status":"open","sticky":false,"template":"","format":"standard","meta":{"footnotes":""},"categories":[38],"tags":[],"class_list":["post-14342","post","type-post","status-publish","format-standard","has-post-thumbnail","","category-nuevo-laredo"],"_links":{"self":[{"href":"https:\/\/www.radiointeractivo.com.mx\/index.php?rest_route=\/wp\/v2\/posts\/14342","targetHints":{"allow":["GET"]}}],"collection":[{"href":"https:\/\/www.radiointeractivo.com.mx\/index.php?rest_route=\/wp\/v2\/posts"}],"about":[{"href":"https:\/\/www.radiointeractivo.com.mx\/index.php?rest_route=\/wp\/v2\/types\/post"}],"author":[{"embeddable":true,"href":"https:\/\/www.radiointeractivo.com.mx\/index.php?rest_route=\/wp\/v2\/users\/1"}],"replies":[{"embeddable":true,"href":"https:\/\/www.radiointeractivo.com.mx\/index.php?rest_route=%2Fwp%2Fv2%2Fcomments&post=14342"}],"version-history":[{"count":1,"href":"https:\/\/www.radiointeractivo.com.mx\/index.php?rest_route=\/wp\/v2\/posts\/14342\/revisions"}],"predecessor-version":[{"id":14344,"href":"https:\/\/www.radiointeractivo.com.mx\/index.php?rest_route=\/wp\/v2\/posts\/14342\/revisions\/14344"}],"wp:featuredmedia":[{"embeddable":true,"href":"https:\/\/www.radiointeractivo.com.mx\/index.php?rest_route=\/wp\/v2\/media\/14343"}],"wp:attachment":[{"href":"https:\/\/www.radiointeractivo.com.mx\/index.php?rest_route=%2Fwp%2Fv2%2Fmedia&parent=14342"}],"wp:term":[{"taxonomy":"category","embeddable":true,"href":"https:\/\/www.radiointeractivo.com.mx\/index.php?rest_route=%2Fwp%2Fv2%2Fcategories&post=14342"},{"taxonomy":"post_tag","embeddable":true,"href":"https:\/\/www.radiointeractivo.com.mx\/index.php?rest_route=%2Fwp%2Fv2%2Ftags&post=14342"}],"curies":[{"name":"wp","href":"https:\/\/api.w.org\/{rel}","templated":true}]}}