{"id":1434,"date":"2023-09-04T16:36:12","date_gmt":"2023-09-04T21:36:12","guid":{"rendered":"https:\/\/www.radiointeractivo.com.mx\/?p=1434"},"modified":"2023-09-04T16:36:13","modified_gmt":"2023-09-04T21:36:13","slug":"invita-alcaldesa-a-celebrar-fiestas-patrias-con-concierto-de-ana-barbara-salomon-robles-y-la-reyna-de-monterrey","status":"publish","type":"post","link":"https:\/\/www.radiointeractivo.com.mx\/?p=1434","title":{"rendered":"INVITA ALCALDESA A CELEBRAR FIESTAS PATRIAS CON CONCIERTO DE ANA B\u00c1RBARA, SALOM\u00d3N ROBLES Y LA REYNA DE MONTERREY"},"content":{"rendered":"\n<p>Por: Staff | #NuevoLaredo #Tamaulipas <\/p>\n\n\n\n<p>Para festejar el mes patrio, la presidenta municipal, Carmen Lilia Canturosas Villarreal invit\u00f3 a la ciudadan\u00eda a celebrar la Ceremonia del Grito en la Explanada de la Independencia y enaltecer el orgullo de ser mexicano.<\/p>\n\n\n\n<p>En conferencia de prensa, la alcaldesa anunci\u00f3 que la fiesta mexicana estar\u00e1 llena de folclor, pirotecnia y la m\u00fasica en vivo de Ana B\u00e1rbara, Salom\u00f3n Robles y Banda la Reyna de Monterrey.<\/p>\n\n\n\n<p>\u201cTendremos dos escenarios para la presentaci\u00f3n de estos artistas, y no pod\u00eda faltar la m\u00fasica del Mariachi; ser\u00e1 una fiesta familiar, en la que habremos de refrendar el orgullo de ser mexicanos, los esperamos para juntos hacer vibrar a Nuevo Laredo al grito de \u00a1Viva M\u00e9xico!\u201d, enfatiz\u00f3.<\/p>\n\n\n\n<p>Inform\u00f3 que el evento contar\u00e1 con dos escenarios para la presentaci\u00f3n de los artistas invitados, adem\u00e1s se podr\u00e1 disfrutar de un show de pirotecnia y la m\u00fasica tradicional del mariachi.<\/p>\n\n\n\n<p>La alcaldesa indic\u00f3 que en los pr\u00f3ximos d\u00edas se dar\u00e1n a conocer a trav\u00e9s de las redes sociales del Gobierno Municipal, el horario y las calles que cerrar\u00e1n para la instalaci\u00f3n de escenarios.<\/p>\n","protected":false},"excerpt":{"rendered":"<p>Por: Staff | #NuevoLaredo #Tamaulipas Para festejar el mes patrio, la presidenta municipal, Carmen Lilia Canturosas Villarreal invit\u00f3 a la ciudadan\u00eda a celebrar la Ceremonia del Grito en la Explanada de la Independencia y enaltecer el orgullo de ser mexicano. En conferencia de prensa, la alcaldesa anunci\u00f3 que la fiesta mexicana estar\u00e1 llena de folclor, &hellip;<\/p>\n","protected":false},"author":1,"featured_media":1435,"comment_status":"open","ping_status":"open","sticky":false,"template":"","format":"standard","meta":{"footnotes":""},"categories":[38],"tags":[],"class_list":["post-1434","post","type-post","status-publish","format-standard","has-post-thumbnail","","category-nuevo-laredo"],"_links":{"self":[{"href":"https:\/\/www.radiointeractivo.com.mx\/index.php?rest_route=\/wp\/v2\/posts\/1434","targetHints":{"allow":["GET"]}}],"collection":[{"href":"https:\/\/www.radiointeractivo.com.mx\/index.php?rest_route=\/wp\/v2\/posts"}],"about":[{"href":"https:\/\/www.radiointeractivo.com.mx\/index.php?rest_route=\/wp\/v2\/types\/post"}],"author":[{"embeddable":true,"href":"https:\/\/www.radiointeractivo.com.mx\/index.php?rest_route=\/wp\/v2\/users\/1"}],"replies":[{"embeddable":true,"href":"https:\/\/www.radiointeractivo.com.mx\/index.php?rest_route=%2Fwp%2Fv2%2Fcomments&post=1434"}],"version-history":[{"count":1,"href":"https:\/\/www.radiointeractivo.com.mx\/index.php?rest_route=\/wp\/v2\/posts\/1434\/revisions"}],"predecessor-version":[{"id":1436,"href":"https:\/\/www.radiointeractivo.com.mx\/index.php?rest_route=\/wp\/v2\/posts\/1434\/revisions\/1436"}],"wp:featuredmedia":[{"embeddable":true,"href":"https:\/\/www.radiointeractivo.com.mx\/index.php?rest_route=\/wp\/v2\/media\/1435"}],"wp:attachment":[{"href":"https:\/\/www.radiointeractivo.com.mx\/index.php?rest_route=%2Fwp%2Fv2%2Fmedia&parent=1434"}],"wp:term":[{"taxonomy":"category","embeddable":true,"href":"https:\/\/www.radiointeractivo.com.mx\/index.php?rest_route=%2Fwp%2Fv2%2Fcategories&post=1434"},{"taxonomy":"post_tag","embeddable":true,"href":"https:\/\/www.radiointeractivo.com.mx\/index.php?rest_route=%2Fwp%2Fv2%2Ftags&post=1434"}],"curies":[{"name":"wp","href":"https:\/\/api.w.org\/{rel}","templated":true}]}}