{"id":14303,"date":"2025-02-23T17:57:42","date_gmt":"2025-02-23T23:57:42","guid":{"rendered":"https:\/\/www.radiointeractivo.com.mx\/?p=14303"},"modified":"2025-02-23T17:57:44","modified_gmt":"2025-02-23T23:57:44","slug":"corazon-acustico-llena-de-magia-y-musica-la-sala-sergio-pena","status":"publish","type":"post","link":"https:\/\/www.radiointeractivo.com.mx\/?p=14303","title":{"rendered":"CORAZ\u00d3N AC\u00daSTICO LLENA DE MAGIA Y M\u00daSICA LA SALA SERGIO PE\u00d1A"},"content":{"rendered":"\n<figure class=\"wp-block-image size-large\"><img loading=\"lazy\" decoding=\"async\" width=\"1024\" height=\"684\" src=\"https:\/\/www.radiointeractivo.com.mx\/wp-content\/uploads\/2025\/02\/WhatsApp-Image-2025-02-22-at-11.59.03-AM-1024x684.jpeg\" alt=\"\" class=\"wp-image-14304\" srcset=\"https:\/\/www.radiointeractivo.com.mx\/wp-content\/uploads\/2025\/02\/WhatsApp-Image-2025-02-22-at-11.59.03-AM-1024x684.jpeg 1024w, https:\/\/www.radiointeractivo.com.mx\/wp-content\/uploads\/2025\/02\/WhatsApp-Image-2025-02-22-at-11.59.03-AM-300x200.jpeg 300w, https:\/\/www.radiointeractivo.com.mx\/wp-content\/uploads\/2025\/02\/WhatsApp-Image-2025-02-22-at-11.59.03-AM-768x513.jpeg 768w, https:\/\/www.radiointeractivo.com.mx\/wp-content\/uploads\/2025\/02\/WhatsApp-Image-2025-02-22-at-11.59.03-AM-1536x1026.jpeg 1536w, https:\/\/www.radiointeractivo.com.mx\/wp-content\/uploads\/2025\/02\/WhatsApp-Image-2025-02-22-at-11.59.03-AM.jpeg 1600w\" sizes=\"auto, (max-width: 1024px) 100vw, 1024px\" \/><\/figure>\n\n\n\n<p>Por: Staff | #NuevoLaredo #Laredo #NLD #Tamaulipas<\/p>\n\n\n\n<p>Como parte de las actividades de febrero, mes del amor y la amistad, la Direcci\u00f3n de Arte y Cultura llev\u00f3 a cabo el evento Coraz\u00f3n Ac\u00fastico, una velada inolvidable llena de magia, emociones y m\u00fasica que conquist\u00f3 a los asistentes.<\/p>\n\n\n\n<p>La Sala Sergio Pe\u00f1a se transform\u00f3 en un espacio de trova y bohemia con las extraordinarias voces de Esther Tovar, Brandon Caro, Brandon Parra y Gustavo C\u00e1rdenas. Acompa\u00f1ados por el talento musical de Paco Jim\u00e9nez, Heriberto Jim\u00e9nez, Yeyo Flogar y Enrique Samaniego, los artistas crearon una atm\u00f3sfera c\u00e1lida y emotiva que envolvi\u00f3 al p\u00fablico en cada interpretaci\u00f3n.<\/p>\n\n\n\n<p>El evento fue una muestra del compromiso de la Direcci\u00f3n de Arte y Cultura por fomentar el arte y la m\u00fasica en la comunidad, ofreciendo espect\u00e1culos de calidad que permiten a los ciudadanos disfrutar de expresiones art\u00edsticas locales en escenarios dignos y con una producci\u00f3n impecable.<\/p>\n\n\n\n<p>Los asistentes disfrutaron de un repertorio lleno de sentimiento, en el que cada canci\u00f3n evoc\u00f3 emociones y recuerdos, convirtiendo la noche en un viaje musical cargado de pasi\u00f3n y talento.<\/p>\n","protected":false},"excerpt":{"rendered":"<p>Por: Staff | #NuevoLaredo #Laredo #NLD #Tamaulipas Como parte de las actividades de febrero, mes del amor y la amistad, la Direcci\u00f3n de Arte y Cultura llev\u00f3 a cabo el evento Coraz\u00f3n Ac\u00fastico, una velada inolvidable llena de magia, emociones y m\u00fasica que conquist\u00f3 a los asistentes. La Sala Sergio Pe\u00f1a se transform\u00f3 en un &hellip;<\/p>\n","protected":false},"author":1,"featured_media":14304,"comment_status":"open","ping_status":"open","sticky":false,"template":"","format":"standard","meta":{"footnotes":""},"categories":[38],"tags":[],"class_list":["post-14303","post","type-post","status-publish","format-standard","has-post-thumbnail","","category-nuevo-laredo"],"_links":{"self":[{"href":"https:\/\/www.radiointeractivo.com.mx\/index.php?rest_route=\/wp\/v2\/posts\/14303","targetHints":{"allow":["GET"]}}],"collection":[{"href":"https:\/\/www.radiointeractivo.com.mx\/index.php?rest_route=\/wp\/v2\/posts"}],"about":[{"href":"https:\/\/www.radiointeractivo.com.mx\/index.php?rest_route=\/wp\/v2\/types\/post"}],"author":[{"embeddable":true,"href":"https:\/\/www.radiointeractivo.com.mx\/index.php?rest_route=\/wp\/v2\/users\/1"}],"replies":[{"embeddable":true,"href":"https:\/\/www.radiointeractivo.com.mx\/index.php?rest_route=%2Fwp%2Fv2%2Fcomments&post=14303"}],"version-history":[{"count":1,"href":"https:\/\/www.radiointeractivo.com.mx\/index.php?rest_route=\/wp\/v2\/posts\/14303\/revisions"}],"predecessor-version":[{"id":14305,"href":"https:\/\/www.radiointeractivo.com.mx\/index.php?rest_route=\/wp\/v2\/posts\/14303\/revisions\/14305"}],"wp:featuredmedia":[{"embeddable":true,"href":"https:\/\/www.radiointeractivo.com.mx\/index.php?rest_route=\/wp\/v2\/media\/14304"}],"wp:attachment":[{"href":"https:\/\/www.radiointeractivo.com.mx\/index.php?rest_route=%2Fwp%2Fv2%2Fmedia&parent=14303"}],"wp:term":[{"taxonomy":"category","embeddable":true,"href":"https:\/\/www.radiointeractivo.com.mx\/index.php?rest_route=%2Fwp%2Fv2%2Fcategories&post=14303"},{"taxonomy":"post_tag","embeddable":true,"href":"https:\/\/www.radiointeractivo.com.mx\/index.php?rest_route=%2Fwp%2Fv2%2Ftags&post=14303"}],"curies":[{"name":"wp","href":"https:\/\/api.w.org\/{rel}","templated":true}]}}