{"id":14299,"date":"2025-02-23T17:52:52","date_gmt":"2025-02-23T23:52:52","guid":{"rendered":"https:\/\/www.radiointeractivo.com.mx\/?p=14299"},"modified":"2025-02-23T17:52:53","modified_gmt":"2025-02-23T23:52:53","slug":"reafirman-la-hermandad-entre-los-dos-laredos-en-la-ceremonia-del-abrazo-2025","status":"publish","type":"post","link":"https:\/\/www.radiointeractivo.com.mx\/?p=14299","title":{"rendered":"REAFIRMAN LA HERMANDAD ENTRE LOS DOS LAREDOS EN LA CEREMONIA DEL ABRAZO 2025"},"content":{"rendered":"\n<figure class=\"wp-block-image size-large\"><img loading=\"lazy\" decoding=\"async\" width=\"1024\" height=\"684\" src=\"https:\/\/www.radiointeractivo.com.mx\/wp-content\/uploads\/2025\/02\/WhatsApp-Image-2025-02-22-at-11.13.27-AM-1024x684.jpeg\" alt=\"\" class=\"wp-image-14300\" srcset=\"https:\/\/www.radiointeractivo.com.mx\/wp-content\/uploads\/2025\/02\/WhatsApp-Image-2025-02-22-at-11.13.27-AM-1024x684.jpeg 1024w, https:\/\/www.radiointeractivo.com.mx\/wp-content\/uploads\/2025\/02\/WhatsApp-Image-2025-02-22-at-11.13.27-AM-300x200.jpeg 300w, https:\/\/www.radiointeractivo.com.mx\/wp-content\/uploads\/2025\/02\/WhatsApp-Image-2025-02-22-at-11.13.27-AM-768x513.jpeg 768w, https:\/\/www.radiointeractivo.com.mx\/wp-content\/uploads\/2025\/02\/WhatsApp-Image-2025-02-22-at-11.13.27-AM-1536x1027.jpeg 1536w, https:\/\/www.radiointeractivo.com.mx\/wp-content\/uploads\/2025\/02\/WhatsApp-Image-2025-02-22-at-11.13.27-AM.jpeg 1616w\" sizes=\"auto, (max-width: 1024px) 100vw, 1024px\" \/><\/figure>\n\n\n\n<p>Por: Staff | #NuevoLaredo #Laredo #NLD #Tamaulipas<\/p>\n\n\n\n<p>En un emotivo acto que simboliza la unidad entre M\u00e9xico y Estados Unidos, la alcaldesa Carmen Lilia Canturosas Villarreal y el Mayor de Laredo, Texas, Victor Trevi\u00f1o encabezaron la tradicional Ceremonia del Abrazo 2025 en el Puente Internacional II Ju\u00e1rez-Lincoln.<\/p>\n\n\n\n<p>Este evento, que representa uno de los lazos m\u00e1s s\u00f3lidos entre ambas naciones, cobra especial relevancia en el contexto actual de las relaciones bilaterales, reafirmando la voluntad de colaboraci\u00f3n y fraternidad por encima de cualquier diferencia.<\/p>\n\n\n\n<p>\u201cEste es un evento profundamente arraigado en la tradici\u00f3n de los Dos Laredos y un s\u00edmbolo de nuestra colaboraci\u00f3n y hermandad. Compartimos lazos comerciales, hist\u00f3ricos y familiares que nos unen como ciudades hermanas. Nuevo Laredo es el principal cruce comercial de Latinoam\u00e9rica y Laredo, Texas, el m\u00e1s importante de Estados Unidos. Es fundamental preservar esta relaci\u00f3n\u201d, destac\u00f3 la alcaldesa Canturosas Villarreal.<\/p>\n\n\n\n<p>La ceremonia se llev\u00f3 a cabo con la participaci\u00f3n de ni\u00f1os embajadores de ambos pa\u00edses, quienes protagonizaron el tradicional abrazo portando trajes t\u00edpicos que reflejan la identidad cultural de M\u00e9xico y Estados Unidos.<\/p>\n\n\n\n<p>Como parte del protocolo, se realiz\u00f3 el intercambio de banderas entre los mandatarios y autoridades presentes, en representaci\u00f3n del Gobernador de Tamaulipas Am\u00e9rico Villarreal Anaya acudi\u00f3 H\u00e9ctor Joel Villegas Gonz\u00e1lez, secretario general del Estado.<\/p>\n\n\n\n<p>Durante el acto protocolario, los mandatarios y autoridades presentes realizaron el tradicional intercambio de banderas, simbolizando el respeto y la cooperaci\u00f3n entre ambos pa\u00edses.<\/p>\n\n\n\n<p>Empresarios, representantes diplom\u00e1ticos y miembros de la sociedad civil tambi\u00e9n participaron en la celebraci\u00f3n, reafirmando el compromiso de fortalecer los lazos entre M\u00e9xico y Estados Unidos.<\/p>\n\n\n\n<p>La Ceremonia del Abrazo, que se realiza desde 1898, es un recordatorio de que la frontera que une a estas ciudades no solo es un punto de conexi\u00f3n econ\u00f3mica y cultural, sino tambi\u00e9n un espacio de amistad y cooperaci\u00f3n.<\/p>\n\n\n\n<p>Con esta edici\u00f3n, Nuevo Laredo y Laredo, Texas, reafirman su compromiso de seguir trabajando juntos en beneficio de sus comunidades y el fortalecimiento de la relaci\u00f3n entre M\u00e9xico y Estados Unidos.<\/p>\n\n\n\n<p>Por su parte, el Mayor de Laredo, Texas, Victor Trevi\u00f1o subray\u00f3 la importancia del evento como un recordatorio de que la relaci\u00f3n entre ambas ciudades trasciende lo econ\u00f3mico y se fundamenta en valores de amistad y cooperaci\u00f3n.<\/p>\n","protected":false},"excerpt":{"rendered":"<p>Por: Staff | #NuevoLaredo #Laredo #NLD #Tamaulipas En un emotivo acto que simboliza la unidad entre M\u00e9xico y Estados Unidos, la alcaldesa Carmen Lilia Canturosas Villarreal y el Mayor de Laredo, Texas, Victor Trevi\u00f1o encabezaron la tradicional Ceremonia del Abrazo 2025 en el Puente Internacional II Ju\u00e1rez-Lincoln. Este evento, que representa uno de los lazos &hellip;<\/p>\n","protected":false},"author":1,"featured_media":14301,"comment_status":"open","ping_status":"open","sticky":false,"template":"","format":"standard","meta":{"footnotes":""},"categories":[38],"tags":[],"class_list":["post-14299","post","type-post","status-publish","format-standard","has-post-thumbnail","","category-nuevo-laredo"],"_links":{"self":[{"href":"https:\/\/www.radiointeractivo.com.mx\/index.php?rest_route=\/wp\/v2\/posts\/14299","targetHints":{"allow":["GET"]}}],"collection":[{"href":"https:\/\/www.radiointeractivo.com.mx\/index.php?rest_route=\/wp\/v2\/posts"}],"about":[{"href":"https:\/\/www.radiointeractivo.com.mx\/index.php?rest_route=\/wp\/v2\/types\/post"}],"author":[{"embeddable":true,"href":"https:\/\/www.radiointeractivo.com.mx\/index.php?rest_route=\/wp\/v2\/users\/1"}],"replies":[{"embeddable":true,"href":"https:\/\/www.radiointeractivo.com.mx\/index.php?rest_route=%2Fwp%2Fv2%2Fcomments&post=14299"}],"version-history":[{"count":1,"href":"https:\/\/www.radiointeractivo.com.mx\/index.php?rest_route=\/wp\/v2\/posts\/14299\/revisions"}],"predecessor-version":[{"id":14302,"href":"https:\/\/www.radiointeractivo.com.mx\/index.php?rest_route=\/wp\/v2\/posts\/14299\/revisions\/14302"}],"wp:featuredmedia":[{"embeddable":true,"href":"https:\/\/www.radiointeractivo.com.mx\/index.php?rest_route=\/wp\/v2\/media\/14301"}],"wp:attachment":[{"href":"https:\/\/www.radiointeractivo.com.mx\/index.php?rest_route=%2Fwp%2Fv2%2Fmedia&parent=14299"}],"wp:term":[{"taxonomy":"category","embeddable":true,"href":"https:\/\/www.radiointeractivo.com.mx\/index.php?rest_route=%2Fwp%2Fv2%2Fcategories&post=14299"},{"taxonomy":"post_tag","embeddable":true,"href":"https:\/\/www.radiointeractivo.com.mx\/index.php?rest_route=%2Fwp%2Fv2%2Ftags&post=14299"}],"curies":[{"name":"wp","href":"https:\/\/api.w.org\/{rel}","templated":true}]}}