{"id":14289,"date":"2025-02-21T16:50:22","date_gmt":"2025-02-21T22:50:22","guid":{"rendered":"https:\/\/www.radiointeractivo.com.mx\/?p=14289"},"modified":"2025-02-21T16:50:24","modified_gmt":"2025-02-21T22:50:24","slug":"vinculacion-social-lleva-actividades-a-escuelas-primarias-para-crear-conciencia-sobre-la-discapacidad","status":"publish","type":"post","link":"https:\/\/www.radiointeractivo.com.mx\/?p=14289","title":{"rendered":"VINCULACI\u00d3N SOCIAL LLEVA ACTIVIDADES A ESCUELAS PRIMARIAS PARA CREAR CONCIENCIA SOBRE LA DISCAPACIDAD"},"content":{"rendered":"\n<figure class=\"wp-block-image size-large\"><img loading=\"lazy\" decoding=\"async\" width=\"1024\" height=\"684\" src=\"https:\/\/www.radiointeractivo.com.mx\/wp-content\/uploads\/2025\/02\/WhatsApp-Image-2025-02-21-at-1.58.57-PM-1024x684.jpeg\" alt=\"\" class=\"wp-image-14290\" srcset=\"https:\/\/www.radiointeractivo.com.mx\/wp-content\/uploads\/2025\/02\/WhatsApp-Image-2025-02-21-at-1.58.57-PM-1024x684.jpeg 1024w, https:\/\/www.radiointeractivo.com.mx\/wp-content\/uploads\/2025\/02\/WhatsApp-Image-2025-02-21-at-1.58.57-PM-300x200.jpeg 300w, https:\/\/www.radiointeractivo.com.mx\/wp-content\/uploads\/2025\/02\/WhatsApp-Image-2025-02-21-at-1.58.57-PM-768x513.jpeg 768w, https:\/\/www.radiointeractivo.com.mx\/wp-content\/uploads\/2025\/02\/WhatsApp-Image-2025-02-21-at-1.58.57-PM-1536x1026.jpeg 1536w, https:\/\/www.radiointeractivo.com.mx\/wp-content\/uploads\/2025\/02\/WhatsApp-Image-2025-02-21-at-1.58.57-PM.jpeg 1600w\" sizes=\"auto, (max-width: 1024px) 100vw, 1024px\" \/><\/figure>\n\n\n\n<p>Por: Staff | #NuevoLaredo #Laredo #NLD #Tamaulipas<\/p>\n\n\n\n<p>La Direcci\u00f3n de Vinculaci\u00f3n Social de Nuevo Laredo, a trav\u00e9s del Sistema Intersectorial de Protecci\u00f3n y Gesti\u00f3n Integral de Derechos de las Personas con Discapacidad (SIPRODDIS), implementa programas de concienciaci\u00f3n en diversas instituciones educativas, como la Escuela Primaria Arqu\u00edmedes Caballero.<\/p>\n\n\n\n<p>Gilberto Ruiz D\u00edaz, coordinador de SIPRODDIS en Nuevo Laredo, explic\u00f3 que estas actividades buscan sensibilizar a los estudiantes sobre la discapacidad y los derechos de las personas con discapacidad.<\/p>\n\n\n\n<p>\u201cOfrecemos un taller llamado &#8216;Los L\u00edmites&#8217;, que tiene como objetivo concientizar a los ni\u00f1os sobre la discapacidad y los derechos que tienen las personas en esta condici\u00f3n. A trav\u00e9s de una charla y diversas din\u00e1micas, los ni\u00f1os pueden experimentar, aunque sea de manera breve, lo que significa vivir con una discapacidad\u201d, mencion\u00f3 Ruiz D\u00edaz.<\/p>\n\n\n\n<p>Durante las actividades, los alumnos realizan recorridos en sillas de ruedas y con muletas para comprender los desaf\u00edos de movilidad.<\/p>\n\n\n\n<p>Adem\u00e1s, participan en un juego con un bal\u00f3n con cascabeles, donde deben guiarse por el sonido mientras tienen los ojos vendados.<\/p>\n\n\n\n<p>Estas experiencias permiten que los estudiantes desarrollen empat\u00eda y una mayor comprensi\u00f3n de las dificultades que enfrentan las personas con discapacidad.<\/p>\n\n\n\n<p>La iniciativa no solo se lleva a escuelas primarias, sino tambi\u00e9n a secundarias, preparatorias y otras instituciones tanto gubernamentales como no gubernamentales.<\/p>\n\n\n\n<p>\u201cLa respuesta ha sido muy positiva. Los ni\u00f1os y j\u00f3venes disfrutan mucho las actividades y, al finalizar, reflexionan sobre lo que sintieron al vivir esas experiencias. Hemos notado un impacto significativo en la percepci\u00f3n de los participantes\u201d, concluy\u00f3 el coordinador de SIPRODIS.<\/p>\n\n\n\n<p>Las escuelas interesadas en participar en este programa pueden contactar a la Direcci\u00f3n de Vinculaci\u00f3n Social para coordinar las actividades.<\/p>\n","protected":false},"excerpt":{"rendered":"<p>Por: Staff | #NuevoLaredo #Laredo #NLD #Tamaulipas La Direcci\u00f3n de Vinculaci\u00f3n Social de Nuevo Laredo, a trav\u00e9s del Sistema Intersectorial de Protecci\u00f3n y Gesti\u00f3n Integral de Derechos de las Personas con Discapacidad (SIPRODDIS), implementa programas de concienciaci\u00f3n en diversas instituciones educativas, como la Escuela Primaria Arqu\u00edmedes Caballero. Gilberto Ruiz D\u00edaz, coordinador de SIPRODDIS en Nuevo &hellip;<\/p>\n","protected":false},"author":1,"featured_media":14290,"comment_status":"open","ping_status":"open","sticky":false,"template":"","format":"standard","meta":{"footnotes":""},"categories":[38],"tags":[],"class_list":["post-14289","post","type-post","status-publish","format-standard","has-post-thumbnail","","category-nuevo-laredo"],"_links":{"self":[{"href":"https:\/\/www.radiointeractivo.com.mx\/index.php?rest_route=\/wp\/v2\/posts\/14289","targetHints":{"allow":["GET"]}}],"collection":[{"href":"https:\/\/www.radiointeractivo.com.mx\/index.php?rest_route=\/wp\/v2\/posts"}],"about":[{"href":"https:\/\/www.radiointeractivo.com.mx\/index.php?rest_route=\/wp\/v2\/types\/post"}],"author":[{"embeddable":true,"href":"https:\/\/www.radiointeractivo.com.mx\/index.php?rest_route=\/wp\/v2\/users\/1"}],"replies":[{"embeddable":true,"href":"https:\/\/www.radiointeractivo.com.mx\/index.php?rest_route=%2Fwp%2Fv2%2Fcomments&post=14289"}],"version-history":[{"count":1,"href":"https:\/\/www.radiointeractivo.com.mx\/index.php?rest_route=\/wp\/v2\/posts\/14289\/revisions"}],"predecessor-version":[{"id":14291,"href":"https:\/\/www.radiointeractivo.com.mx\/index.php?rest_route=\/wp\/v2\/posts\/14289\/revisions\/14291"}],"wp:featuredmedia":[{"embeddable":true,"href":"https:\/\/www.radiointeractivo.com.mx\/index.php?rest_route=\/wp\/v2\/media\/14290"}],"wp:attachment":[{"href":"https:\/\/www.radiointeractivo.com.mx\/index.php?rest_route=%2Fwp%2Fv2%2Fmedia&parent=14289"}],"wp:term":[{"taxonomy":"category","embeddable":true,"href":"https:\/\/www.radiointeractivo.com.mx\/index.php?rest_route=%2Fwp%2Fv2%2Fcategories&post=14289"},{"taxonomy":"post_tag","embeddable":true,"href":"https:\/\/www.radiointeractivo.com.mx\/index.php?rest_route=%2Fwp%2Fv2%2Ftags&post=14289"}],"curies":[{"name":"wp","href":"https:\/\/api.w.org\/{rel}","templated":true}]}}