{"id":14286,"date":"2025-02-21T16:04:51","date_gmt":"2025-02-21T22:04:51","guid":{"rendered":"https:\/\/www.radiointeractivo.com.mx\/?p=14286"},"modified":"2025-02-21T16:04:52","modified_gmt":"2025-02-21T22:04:52","slug":"bodega-aurrera-periferico-abre-sus-puertas-en-nuevo-laredo-con-inversion-millonaria","status":"publish","type":"post","link":"https:\/\/www.radiointeractivo.com.mx\/?p=14286","title":{"rendered":"BODEGA AURRERA PERIF\u00c9RICO ABRE SUS PUERTAS EN NUEVO LAREDO CON INVERSI\u00d3N MILLONARIA"},"content":{"rendered":"\n<figure class=\"wp-block-image size-large\"><img loading=\"lazy\" decoding=\"async\" width=\"1024\" height=\"684\" src=\"https:\/\/www.radiointeractivo.com.mx\/wp-content\/uploads\/2025\/02\/WhatsApp-Image-2025-02-21-at-1.07.57-PM-1024x684.jpeg\" alt=\"\" class=\"wp-image-14287\" srcset=\"https:\/\/www.radiointeractivo.com.mx\/wp-content\/uploads\/2025\/02\/WhatsApp-Image-2025-02-21-at-1.07.57-PM-1024x684.jpeg 1024w, https:\/\/www.radiointeractivo.com.mx\/wp-content\/uploads\/2025\/02\/WhatsApp-Image-2025-02-21-at-1.07.57-PM-300x200.jpeg 300w, https:\/\/www.radiointeractivo.com.mx\/wp-content\/uploads\/2025\/02\/WhatsApp-Image-2025-02-21-at-1.07.57-PM-768x513.jpeg 768w, https:\/\/www.radiointeractivo.com.mx\/wp-content\/uploads\/2025\/02\/WhatsApp-Image-2025-02-21-at-1.07.57-PM-1536x1026.jpeg 1536w, https:\/\/www.radiointeractivo.com.mx\/wp-content\/uploads\/2025\/02\/WhatsApp-Image-2025-02-21-at-1.07.57-PM.jpeg 1600w\" sizes=\"auto, (max-width: 1024px) 100vw, 1024px\" \/><\/figure>\n\n\n\n<p>Por: Staff | #NuevoLaredo #Laredo #NLD #Tamaulipas<\/p>\n\n\n\n<p>Con una inversi\u00f3n superior a los 100 millones de pesos, la cadena comercial Bodega Aurrera inaugur\u00f3 una nueva sucursal en el poniente de la ciudad, lo que traer\u00e1 consigo la generaci\u00f3n de cientos de empleos y un impulso a la econom\u00eda local.<\/p>\n\n\n\n<p>A la apertura asisti\u00f3 el secretario de Desarrollo Econ\u00f3mico, Rolando Guevara Gonz\u00e1lez, en representaci\u00f3n de la presidenta municipal, Carmen Lilia Canturosas Villarreal. Durante el evento, Guevara Gonz\u00e1lez destac\u00f3 la importancia de esta inversi\u00f3n para fortalecer el comercio y mejorar las oportunidades laborales en la regi\u00f3n.<\/p>\n\n\n\n<p>\u201cEste evento no solo marca el crecimiento de una cadena comercial de renombre sino tambi\u00e9n simboliza el progreso y desarrollo de nuestra ciudad, hemos tenido un ritmo de crecimiento ascendente en estos \u00faltimos a\u00f1os y la apertura de esta sucursal as\u00ed lo confirma, el grupo Walmart ha demostrado plena confianza en nuestro municipio al invertir de manera progresiva en nuestra ciudad\u201d, manifest\u00f3 el secretario.<\/p>\n\n\n\n<p>En tanto, Fernando Casta\u00f1\u00f3n Farill, encargado de Relaciones Institucionales para Walmart de M\u00e9xico y Centroam\u00e9rica, expres\u00f3 su agradecimiento al gobierno municipal por las facilidades otorgadas para la instalaci\u00f3n de la tienda en la ciudad, reafirmando el compromiso de la empresa con el crecimiento econ\u00f3mico local.<\/p>\n\n\n\n<p>Con esta inauguraci\u00f3n, Nuevo Laredo no solo refuerza su oferta comercial, sino que tambi\u00e9n se consolida como un punto estrat\u00e9gico para la inversi\u00f3n y el desarrollo en la frontera norte del pa\u00eds.<\/p>\n\n\n\n<p>Esta sucursal perif\u00e9rico se convierte en la segunda tienda en Nuevo Laredo, Casta\u00f1on Farril asegur\u00f3 que buscan expandir su cobertura departamental en esta frontera.<\/p>\n","protected":false},"excerpt":{"rendered":"<p>Por: Staff | #NuevoLaredo #Laredo #NLD #Tamaulipas Con una inversi\u00f3n superior a los 100 millones de pesos, la cadena comercial Bodega Aurrera inaugur\u00f3 una nueva sucursal en el poniente de la ciudad, lo que traer\u00e1 consigo la generaci\u00f3n de cientos de empleos y un impulso a la econom\u00eda local. A la apertura asisti\u00f3 el secretario &hellip;<\/p>\n","protected":false},"author":1,"featured_media":14287,"comment_status":"open","ping_status":"open","sticky":false,"template":"","format":"standard","meta":{"footnotes":""},"categories":[38],"tags":[],"class_list":["post-14286","post","type-post","status-publish","format-standard","has-post-thumbnail","","category-nuevo-laredo"],"_links":{"self":[{"href":"https:\/\/www.radiointeractivo.com.mx\/index.php?rest_route=\/wp\/v2\/posts\/14286","targetHints":{"allow":["GET"]}}],"collection":[{"href":"https:\/\/www.radiointeractivo.com.mx\/index.php?rest_route=\/wp\/v2\/posts"}],"about":[{"href":"https:\/\/www.radiointeractivo.com.mx\/index.php?rest_route=\/wp\/v2\/types\/post"}],"author":[{"embeddable":true,"href":"https:\/\/www.radiointeractivo.com.mx\/index.php?rest_route=\/wp\/v2\/users\/1"}],"replies":[{"embeddable":true,"href":"https:\/\/www.radiointeractivo.com.mx\/index.php?rest_route=%2Fwp%2Fv2%2Fcomments&post=14286"}],"version-history":[{"count":1,"href":"https:\/\/www.radiointeractivo.com.mx\/index.php?rest_route=\/wp\/v2\/posts\/14286\/revisions"}],"predecessor-version":[{"id":14288,"href":"https:\/\/www.radiointeractivo.com.mx\/index.php?rest_route=\/wp\/v2\/posts\/14286\/revisions\/14288"}],"wp:featuredmedia":[{"embeddable":true,"href":"https:\/\/www.radiointeractivo.com.mx\/index.php?rest_route=\/wp\/v2\/media\/14287"}],"wp:attachment":[{"href":"https:\/\/www.radiointeractivo.com.mx\/index.php?rest_route=%2Fwp%2Fv2%2Fmedia&parent=14286"}],"wp:term":[{"taxonomy":"category","embeddable":true,"href":"https:\/\/www.radiointeractivo.com.mx\/index.php?rest_route=%2Fwp%2Fv2%2Fcategories&post=14286"},{"taxonomy":"post_tag","embeddable":true,"href":"https:\/\/www.radiointeractivo.com.mx\/index.php?rest_route=%2Fwp%2Fv2%2Ftags&post=14286"}],"curies":[{"name":"wp","href":"https:\/\/api.w.org\/{rel}","templated":true}]}}