{"id":14273,"date":"2025-02-20T16:57:00","date_gmt":"2025-02-20T22:57:00","guid":{"rendered":"https:\/\/www.radiointeractivo.com.mx\/?p=14273"},"modified":"2025-02-20T16:57:01","modified_gmt":"2025-02-20T22:57:01","slug":"inaugura-alcaldesa-carmen-lilia-canturosas-xi-edicion-de-congreso-iuve","status":"publish","type":"post","link":"https:\/\/www.radiointeractivo.com.mx\/?p=14273","title":{"rendered":"INAUGURA ALCALDESA CARMEN LILIA CANTUROSAS XI EDICI\u00d3N DE CONGRESO IUVE"},"content":{"rendered":"\n<figure class=\"wp-block-image size-large\"><img loading=\"lazy\" decoding=\"async\" width=\"1024\" height=\"684\" src=\"https:\/\/www.radiointeractivo.com.mx\/wp-content\/uploads\/2025\/02\/WhatsApp-Image-2025-02-20-at-4.35.02-PM-1-1024x684.jpeg\" alt=\"\" class=\"wp-image-14274\" srcset=\"https:\/\/www.radiointeractivo.com.mx\/wp-content\/uploads\/2025\/02\/WhatsApp-Image-2025-02-20-at-4.35.02-PM-1-1024x684.jpeg 1024w, https:\/\/www.radiointeractivo.com.mx\/wp-content\/uploads\/2025\/02\/WhatsApp-Image-2025-02-20-at-4.35.02-PM-1-300x200.jpeg 300w, https:\/\/www.radiointeractivo.com.mx\/wp-content\/uploads\/2025\/02\/WhatsApp-Image-2025-02-20-at-4.35.02-PM-1-768x513.jpeg 768w, https:\/\/www.radiointeractivo.com.mx\/wp-content\/uploads\/2025\/02\/WhatsApp-Image-2025-02-20-at-4.35.02-PM-1-1536x1026.jpeg 1536w, https:\/\/www.radiointeractivo.com.mx\/wp-content\/uploads\/2025\/02\/WhatsApp-Image-2025-02-20-at-4.35.02-PM-1.jpeg 1600w\" sizes=\"auto, (max-width: 1024px) 100vw, 1024px\" \/><\/figure>\n\n\n\n<p>Por: Staff | #NuevoLaredo #Laredo #NLD #Tamaulipas<\/p>\n\n\n\n<p>Con el firme compromiso de impulsar el desarrollo de la juventud neolaredense, la presidenta municipal Carmen Lilia Canturosas Villarreal inaugur\u00f3 la XI Edici\u00f3n del Congreso IUVE, un evento que busca inspirar y motivar a los estudiantes de preparatoria a trav\u00e9s de conferencias con reconocidas personalidades.<\/p>\n\n\n\n<p>Durante la ceremonia, la alcaldesa felicit\u00f3 a los organizadores y resalt\u00f3 la importancia de este tipo de espacios que fortalecen la preparaci\u00f3n, confianza y aspiraciones de los j\u00f3venes.<\/p>\n\n\n\n<p>Bajo el lema \u201cQue tu vida suene a \u00e9xito\u201d, el Congreso IUVE dio inicio en el Teatro Principal del Centro Cultural Nuevo Laredo, donde por dos d\u00edas contar\u00e1 con la participaci\u00f3n de destacados conferencistas como Hugo S\u00e1nchez, Miguel Lay\u00fan, Armando Hern\u00e1ndez, Carmen Sarah\u00ed, Eduardo Del Villar, Daniel Garc\u00eda y Yurem. A trav\u00e9s de sus experiencias, compartir\u00e1n valiosas ense\u00f1anzas sobre la vida, el \u00e9xito y la superaci\u00f3n de desaf\u00edos con estudiantes de instituciones p\u00fablicas y privadas.<\/p>\n\n\n\n<p>Durante su mensaje inaugural, la presidenta municipal reafirm\u00f3 su compromiso con la educaci\u00f3n y el crecimiento personal de la juventud, brindando herramientas e inspiraci\u00f3n para que las nuevas generaciones alcancen sus metas.<\/p>\n","protected":false},"excerpt":{"rendered":"<p>Por: Staff | #NuevoLaredo #Laredo #NLD #Tamaulipas Con el firme compromiso de impulsar el desarrollo de la juventud neolaredense, la presidenta municipal Carmen Lilia Canturosas Villarreal inaugur\u00f3 la XI Edici\u00f3n del Congreso IUVE, un evento que busca inspirar y motivar a los estudiantes de preparatoria a trav\u00e9s de conferencias con reconocidas personalidades. Durante la ceremonia, &hellip;<\/p>\n","protected":false},"author":1,"featured_media":14275,"comment_status":"open","ping_status":"open","sticky":false,"template":"","format":"standard","meta":{"footnotes":""},"categories":[38],"tags":[],"class_list":["post-14273","post","type-post","status-publish","format-standard","has-post-thumbnail","","category-nuevo-laredo"],"_links":{"self":[{"href":"https:\/\/www.radiointeractivo.com.mx\/index.php?rest_route=\/wp\/v2\/posts\/14273","targetHints":{"allow":["GET"]}}],"collection":[{"href":"https:\/\/www.radiointeractivo.com.mx\/index.php?rest_route=\/wp\/v2\/posts"}],"about":[{"href":"https:\/\/www.radiointeractivo.com.mx\/index.php?rest_route=\/wp\/v2\/types\/post"}],"author":[{"embeddable":true,"href":"https:\/\/www.radiointeractivo.com.mx\/index.php?rest_route=\/wp\/v2\/users\/1"}],"replies":[{"embeddable":true,"href":"https:\/\/www.radiointeractivo.com.mx\/index.php?rest_route=%2Fwp%2Fv2%2Fcomments&post=14273"}],"version-history":[{"count":1,"href":"https:\/\/www.radiointeractivo.com.mx\/index.php?rest_route=\/wp\/v2\/posts\/14273\/revisions"}],"predecessor-version":[{"id":14276,"href":"https:\/\/www.radiointeractivo.com.mx\/index.php?rest_route=\/wp\/v2\/posts\/14273\/revisions\/14276"}],"wp:featuredmedia":[{"embeddable":true,"href":"https:\/\/www.radiointeractivo.com.mx\/index.php?rest_route=\/wp\/v2\/media\/14275"}],"wp:attachment":[{"href":"https:\/\/www.radiointeractivo.com.mx\/index.php?rest_route=%2Fwp%2Fv2%2Fmedia&parent=14273"}],"wp:term":[{"taxonomy":"category","embeddable":true,"href":"https:\/\/www.radiointeractivo.com.mx\/index.php?rest_route=%2Fwp%2Fv2%2Fcategories&post=14273"},{"taxonomy":"post_tag","embeddable":true,"href":"https:\/\/www.radiointeractivo.com.mx\/index.php?rest_route=%2Fwp%2Fv2%2Ftags&post=14273"}],"curies":[{"name":"wp","href":"https:\/\/api.w.org\/{rel}","templated":true}]}}