{"id":14261,"date":"2025-02-20T16:16:53","date_gmt":"2025-02-20T22:16:53","guid":{"rendered":"https:\/\/www.radiointeractivo.com.mx\/?p=14261"},"modified":"2025-02-20T16:16:56","modified_gmt":"2025-02-20T22:16:56","slug":"se-fortalece-dinamismo-economico-en-nuevo-laredo-con-programas-de-financiamiento-a-emprendedores","status":"publish","type":"post","link":"https:\/\/www.radiointeractivo.com.mx\/?p=14261","title":{"rendered":"SE FORTALECE DINAMISMO ECON\u00d3MICO EN NUEVO LAREDO CON PROGRAMAS DE FINANCIAMIENTO A EMPRENDEDORES"},"content":{"rendered":"\n<figure class=\"wp-block-image size-large\"><img loading=\"lazy\" decoding=\"async\" width=\"1024\" height=\"768\" src=\"https:\/\/www.radiointeractivo.com.mx\/wp-content\/uploads\/2025\/02\/WhatsApp-Image-2025-02-20-at-3.54.35-PM-1024x768.jpeg\" alt=\"\" class=\"wp-image-14262\" srcset=\"https:\/\/www.radiointeractivo.com.mx\/wp-content\/uploads\/2025\/02\/WhatsApp-Image-2025-02-20-at-3.54.35-PM-1024x768.jpeg 1024w, https:\/\/www.radiointeractivo.com.mx\/wp-content\/uploads\/2025\/02\/WhatsApp-Image-2025-02-20-at-3.54.35-PM-300x225.jpeg 300w, https:\/\/www.radiointeractivo.com.mx\/wp-content\/uploads\/2025\/02\/WhatsApp-Image-2025-02-20-at-3.54.35-PM-768x576.jpeg 768w, https:\/\/www.radiointeractivo.com.mx\/wp-content\/uploads\/2025\/02\/WhatsApp-Image-2025-02-20-at-3.54.35-PM-1536x1152.jpeg 1536w, https:\/\/www.radiointeractivo.com.mx\/wp-content\/uploads\/2025\/02\/WhatsApp-Image-2025-02-20-at-3.54.35-PM.jpeg 1600w\" sizes=\"auto, (max-width: 1024px) 100vw, 1024px\" \/><\/figure>\n\n\n\n<p>Por: Staff | #NuevoLaredo #Laredo #NLD #Tamaulipas<\/p>\n\n\n\n<p>El Gobierno Municipal de Nuevo Laredo contin\u00faa fortaleciendo el crecimiento econ\u00f3mico de la ciudad a trav\u00e9s de iniciativas estrat\u00e9gicas que brindan herramientas financieras a emprendedores y empresas.<\/p>\n\n\n\n<p>Con la implementaci\u00f3n del programa &#8220;Avanza Nuevo Laredo&#8221; y la segunda edici\u00f3n de &#8220;Impulso&#8221;, el municipio fomenta el desarrollo empresarial, facilita el acceso a cr\u00e9ditos accesibles y promueve la generaci\u00f3n de empleo.<\/p>\n\n\n\n<p>El secretario de Desarrollo Econ\u00f3mico, Mart\u00edn Guevara Gonz\u00e1lez, destac\u00f3 que estos esfuerzos reflejan el compromiso del gobierno municipal por trabajar en equipo y generar las condiciones necesarias para que los negocios prosperen en esta tierra de oportunidades.<\/p>\n\n\n\n<p>\u201cLos emprendedores de Nuevo Laredo contin\u00faan aplicando para estos fondos, el objetivo de nuestra presidenta municipal es apoyar desde los peque\u00f1os, medianos y grandes negocios. Seguimos con esa m\u00edstica de apoyar a las personas que quieren realizar sus sue\u00f1os y emprender en esta frontera\u201d, asegur\u00f3 Guevara Gonz\u00e1lez.<\/p>\n\n\n\n<p>El Programa Impulso tiene una bolsa total de 240 millones de pesos, hasta el momento se han utilizado 127 millones de pesos, lo que representa un 52.76 por ciento y 62 empresas beneficiadas.<\/p>\n\n\n\n<p>En tanto el Programa AVANZA cuenta con una bolsa total de 4 millones de pesos, se han utilizado un total de 3 millones 075 mil pesos, lo que representa un 76.88 por ciento y son 38 emprendedores y microempresas.<\/p>\n\n\n\n<p>Con estos programas, el Gobierno Municipal de Nuevo Laredo reafirma su compromiso con el fortalecimiento del sector empresarial y el impulso al desarrollo econ\u00f3mico, garantizando que m\u00e1s ciudadanos tengan acceso a oportunidades para hacer crecer sus negocios y contribuir a la prosperidad de la regi\u00f3n.<\/p>\n","protected":false},"excerpt":{"rendered":"<p>Por: Staff | #NuevoLaredo #Laredo #NLD #Tamaulipas El Gobierno Municipal de Nuevo Laredo contin\u00faa fortaleciendo el crecimiento econ\u00f3mico de la ciudad a trav\u00e9s de iniciativas estrat\u00e9gicas que brindan herramientas financieras a emprendedores y empresas. Con la implementaci\u00f3n del programa &#8220;Avanza Nuevo Laredo&#8221; y la segunda edici\u00f3n de &#8220;Impulso&#8221;, el municipio fomenta el desarrollo empresarial, facilita &hellip;<\/p>\n","protected":false},"author":1,"featured_media":14262,"comment_status":"open","ping_status":"open","sticky":false,"template":"","format":"standard","meta":{"footnotes":""},"categories":[38],"tags":[],"class_list":["post-14261","post","type-post","status-publish","format-standard","has-post-thumbnail","","category-nuevo-laredo"],"_links":{"self":[{"href":"https:\/\/www.radiointeractivo.com.mx\/index.php?rest_route=\/wp\/v2\/posts\/14261","targetHints":{"allow":["GET"]}}],"collection":[{"href":"https:\/\/www.radiointeractivo.com.mx\/index.php?rest_route=\/wp\/v2\/posts"}],"about":[{"href":"https:\/\/www.radiointeractivo.com.mx\/index.php?rest_route=\/wp\/v2\/types\/post"}],"author":[{"embeddable":true,"href":"https:\/\/www.radiointeractivo.com.mx\/index.php?rest_route=\/wp\/v2\/users\/1"}],"replies":[{"embeddable":true,"href":"https:\/\/www.radiointeractivo.com.mx\/index.php?rest_route=%2Fwp%2Fv2%2Fcomments&post=14261"}],"version-history":[{"count":1,"href":"https:\/\/www.radiointeractivo.com.mx\/index.php?rest_route=\/wp\/v2\/posts\/14261\/revisions"}],"predecessor-version":[{"id":14263,"href":"https:\/\/www.radiointeractivo.com.mx\/index.php?rest_route=\/wp\/v2\/posts\/14261\/revisions\/14263"}],"wp:featuredmedia":[{"embeddable":true,"href":"https:\/\/www.radiointeractivo.com.mx\/index.php?rest_route=\/wp\/v2\/media\/14262"}],"wp:attachment":[{"href":"https:\/\/www.radiointeractivo.com.mx\/index.php?rest_route=%2Fwp%2Fv2%2Fmedia&parent=14261"}],"wp:term":[{"taxonomy":"category","embeddable":true,"href":"https:\/\/www.radiointeractivo.com.mx\/index.php?rest_route=%2Fwp%2Fv2%2Fcategories&post=14261"},{"taxonomy":"post_tag","embeddable":true,"href":"https:\/\/www.radiointeractivo.com.mx\/index.php?rest_route=%2Fwp%2Fv2%2Ftags&post=14261"}],"curies":[{"name":"wp","href":"https:\/\/api.w.org\/{rel}","templated":true}]}}