{"id":14255,"date":"2025-02-20T13:47:21","date_gmt":"2025-02-20T19:47:21","guid":{"rendered":"https:\/\/www.radiointeractivo.com.mx\/?p=14255"},"modified":"2025-02-20T13:47:22","modified_gmt":"2025-02-20T19:47:22","slug":"carmen-lilia-canturosas-recibe-amplio-respaldo-ante-denuncia-por-violencia-politica-de-genero","status":"publish","type":"post","link":"https:\/\/www.radiointeractivo.com.mx\/?p=14255","title":{"rendered":"CARMEN LILIA CANTUROSAS RECIBE AMPLIO RESPALDO ANTE DENUNCIA POR VIOLENCIA POL\u00cdTICA DE G\u00c9NERO"},"content":{"rendered":"\n<figure class=\"wp-block-image size-full\"><img loading=\"lazy\" decoding=\"async\" width=\"960\" height=\"960\" src=\"https:\/\/www.radiointeractivo.com.mx\/wp-content\/uploads\/2025\/02\/WhatsApp-Image-2025-02-20-at-1.44.53-PM.jpeg\" alt=\"\" class=\"wp-image-14256\" srcset=\"https:\/\/www.radiointeractivo.com.mx\/wp-content\/uploads\/2025\/02\/WhatsApp-Image-2025-02-20-at-1.44.53-PM.jpeg 960w, https:\/\/www.radiointeractivo.com.mx\/wp-content\/uploads\/2025\/02\/WhatsApp-Image-2025-02-20-at-1.44.53-PM-300x300.jpeg 300w, https:\/\/www.radiointeractivo.com.mx\/wp-content\/uploads\/2025\/02\/WhatsApp-Image-2025-02-20-at-1.44.53-PM-150x150.jpeg 150w, https:\/\/www.radiointeractivo.com.mx\/wp-content\/uploads\/2025\/02\/WhatsApp-Image-2025-02-20-at-1.44.53-PM-768x768.jpeg 768w\" sizes=\"auto, (max-width: 960px) 100vw, 960px\" \/><\/figure>\n\n\n\n<p>Por: Staff | #NuevoLaredo #Laredo #NLD #Tamaulipas<\/p>\n\n\n\n<p>La alcaldesa de Nuevo Laredo, Carmen Lilia Canturosas Villarreal, ha recibido un contundente respaldo de la sociedad civil, l\u00edderes pol\u00edticos, ciudadanos y legisladores tamaulipecos tras denunciar ser v\u00edctima de violencia pol\u00edtica de g\u00e9nero.<\/p>\n\n\n\n<p>A trav\u00e9s de redes sociales, ciudadanos y diversos sectores de la sociedad han mostrado su respaldo a la presidenta municipal a trav\u00e9s de mensajes de apoyo para la alcaldesa que han condenado los ataques, subrayando la importancia de garantizar espacios libres de violencia para las mujeres en la pol\u00edtica.<\/p>\n\n\n\n<p>\u201cUna cosa es que critiquen el desempe\u00f1o administrativo; y a\u00fan as\u00ed, necesitan pruebas y dar derecho a r\u00e9plica, pero ponerse a criticar su f\u00edsico e involucrar a su familia eso ya es acoso y cobard\u00eda, bien mi Presidenta por defenderse dignamente\u201d, se\u00f1al\u00f3 en redes sociales la ciudadana Alma Prior.<\/p>\n\n\n\n<p>Hombres y mujeres, se unieron por igual para respaldar la denuncia y condenar el acoso del que ha sido v\u00edctima la alcaldesa en los \u00faltimos meses.<\/p>\n\n\n\n<p>\u201cMuy bien hecho Presidenta, cuenta con el apoyo de la ciudadan\u00eda que reconoce su labor, pero que adem\u00e1s reprueba los ataques discriminatorios hacia su persona, a las mujeres y a la Instituci\u00f3n que usted representa\u201d, escribi\u00f3 el ciudadano Jos\u00e9 \u00c1ngel Casas.<\/p>\n\n\n\n<p>A trav\u00e9s de comentarios en su p\u00e1gina oficial y publicaciones en cuentas personales, los ciudadanos se volcaron en contra de la violencia de g\u00e9nero y destacaron el valor de la presidenta municipal por alzar la voz.<\/p>\n\n\n\n<p>\u201cPresidenta Carmen Lilia Canturosas, Estoy con usted en la misma sinton\u00eda. Nadie tiene derecho de faltar al respeto a las personas, son gente oscura sin brillo. Todo mi apoyo para usted\u201d, manifest\u00f3 Carmen Barrera.<\/p>\n\n\n\n<p>Diputadas y diputados del Congreso del Estado de Tamaulipas, pertenecientes a las bancadas de Morena, Verde Ecologista y Partido del Trabajo, se pronunciaron desde la tribuna legislativa para expresar su solidaridad con la edil, condenando los ataques mis\u00f3ginos que ha enfrentado en redes sociales y medios digitales.<\/p>\n\n\n\n<p>Durante la sesi\u00f3n, la diputada Lucero Deosdady Mart\u00ednez L\u00f3pez, presidenta de la Comisi\u00f3n de Igualdad de G\u00e9nero y de la Diversidad, enfatiz\u00f3 la urgencia de erradicar la violencia sistem\u00e1tica contra las mujeres en la pol\u00edtica, se\u00f1alando que los ataques a la presidenta municipal no son cr\u00edtica v\u00e1lida, sino expresiones de misoginia que buscan desacreditar su trabajo.<\/p>\n\n\n\n<p>\u201cEn los \u00faltimos d\u00edas, la alcaldesa ha sido blanco de una campa\u00f1a de descalificaci\u00f3n en la que se ha utilizado su imagen y la de su familia para desviar el debate p\u00fablico. Es momento de decir basta y trabajar por una sociedad donde las mujeres puedan ejercer sus derechos pol\u00edticos en igualdad de condiciones\u201d, afirm\u00f3 la legisladora.<\/p>\n\n\n\n<p>De igual forma, los alcaldes M\u00f3nica Villarreal Anaya y Eduardo Gatt\u00e1s, as\u00ed como los senadores Maki Ortiz y Jos\u00e9 Ram\u00f3n G\u00f3mez Leal, la exsenadora Lupita Covarrubias, entre otras figuras se sumaron al apoyo.<\/p>\n\n\n\n<p>Ante esta situaci\u00f3n, Carmen Lilia Canturosas ha reafirmado su postura de no quedarse callada y seguir denunciando la violencia disfrazada de opini\u00f3n. Ha reiterado su compromiso con la ciudadan\u00eda y con el ejercicio de un gobierno transparente, basado en el desarrollo y el bienestar social.<\/p>\n\n\n\n<p>\u201cNo es desde la vulnerabilidad, sino desde la fortaleza, que levantamos la voz. No daremos un paso atr\u00e1s en la defensa de las mujeres que trabajan por la transformaci\u00f3n\u201d, concluy\u00f3 el posicionamiento de Morena Tamaulipas.<\/p>\n","protected":false},"excerpt":{"rendered":"<p>Por: Staff | #NuevoLaredo #Laredo #NLD #Tamaulipas La alcaldesa de Nuevo Laredo, Carmen Lilia Canturosas Villarreal, ha recibido un contundente respaldo de la sociedad civil, l\u00edderes pol\u00edticos, ciudadanos y legisladores tamaulipecos tras denunciar ser v\u00edctima de violencia pol\u00edtica de g\u00e9nero. A trav\u00e9s de redes sociales, ciudadanos y diversos sectores de la sociedad han mostrado su &hellip;<\/p>\n","protected":false},"author":1,"featured_media":14256,"comment_status":"open","ping_status":"open","sticky":false,"template":"","format":"standard","meta":{"footnotes":""},"categories":[38],"tags":[],"class_list":["post-14255","post","type-post","status-publish","format-standard","has-post-thumbnail","","category-nuevo-laredo"],"_links":{"self":[{"href":"https:\/\/www.radiointeractivo.com.mx\/index.php?rest_route=\/wp\/v2\/posts\/14255","targetHints":{"allow":["GET"]}}],"collection":[{"href":"https:\/\/www.radiointeractivo.com.mx\/index.php?rest_route=\/wp\/v2\/posts"}],"about":[{"href":"https:\/\/www.radiointeractivo.com.mx\/index.php?rest_route=\/wp\/v2\/types\/post"}],"author":[{"embeddable":true,"href":"https:\/\/www.radiointeractivo.com.mx\/index.php?rest_route=\/wp\/v2\/users\/1"}],"replies":[{"embeddable":true,"href":"https:\/\/www.radiointeractivo.com.mx\/index.php?rest_route=%2Fwp%2Fv2%2Fcomments&post=14255"}],"version-history":[{"count":1,"href":"https:\/\/www.radiointeractivo.com.mx\/index.php?rest_route=\/wp\/v2\/posts\/14255\/revisions"}],"predecessor-version":[{"id":14257,"href":"https:\/\/www.radiointeractivo.com.mx\/index.php?rest_route=\/wp\/v2\/posts\/14255\/revisions\/14257"}],"wp:featuredmedia":[{"embeddable":true,"href":"https:\/\/www.radiointeractivo.com.mx\/index.php?rest_route=\/wp\/v2\/media\/14256"}],"wp:attachment":[{"href":"https:\/\/www.radiointeractivo.com.mx\/index.php?rest_route=%2Fwp%2Fv2%2Fmedia&parent=14255"}],"wp:term":[{"taxonomy":"category","embeddable":true,"href":"https:\/\/www.radiointeractivo.com.mx\/index.php?rest_route=%2Fwp%2Fv2%2Fcategories&post=14255"},{"taxonomy":"post_tag","embeddable":true,"href":"https:\/\/www.radiointeractivo.com.mx\/index.php?rest_route=%2Fwp%2Fv2%2Ftags&post=14255"}],"curies":[{"name":"wp","href":"https:\/\/api.w.org\/{rel}","templated":true}]}}