{"id":14239,"date":"2025-02-20T13:26:58","date_gmt":"2025-02-20T19:26:58","guid":{"rendered":"https:\/\/www.radiointeractivo.com.mx\/?p=14239"},"modified":"2025-02-20T13:27:02","modified_gmt":"2025-02-20T19:27:02","slug":"avisan-autoridades-sobre-cierre-temporal-del-puente-internacional-ii-por-ceremonia-del-abrazo-2025","status":"publish","type":"post","link":"https:\/\/www.radiointeractivo.com.mx\/?p=14239","title":{"rendered":"AVISAN AUTORIDADES SOBRE CIERRE TEMPORAL DEL PUENTE INTERNACIONAL II POR \u201cCEREMONIA DEL ABRAZO 2025\u201d"},"content":{"rendered":"\n<figure class=\"wp-block-image size-large\"><img loading=\"lazy\" decoding=\"async\" width=\"1024\" height=\"576\" src=\"https:\/\/www.radiointeractivo.com.mx\/wp-content\/uploads\/2025\/02\/WhatsApp-Image-2025-02-20-at-12.43.15-PM-1024x576.jpeg\" alt=\"\" class=\"wp-image-14240\" srcset=\"https:\/\/www.radiointeractivo.com.mx\/wp-content\/uploads\/2025\/02\/WhatsApp-Image-2025-02-20-at-12.43.15-PM-1024x576.jpeg 1024w, https:\/\/www.radiointeractivo.com.mx\/wp-content\/uploads\/2025\/02\/WhatsApp-Image-2025-02-20-at-12.43.15-PM-300x169.jpeg 300w, https:\/\/www.radiointeractivo.com.mx\/wp-content\/uploads\/2025\/02\/WhatsApp-Image-2025-02-20-at-12.43.15-PM-768x432.jpeg 768w, https:\/\/www.radiointeractivo.com.mx\/wp-content\/uploads\/2025\/02\/WhatsApp-Image-2025-02-20-at-12.43.15-PM.jpeg 1280w\" sizes=\"auto, (max-width: 1024px) 100vw, 1024px\" \/><\/figure>\n\n\n\n<p>Por: Staff | #NuevoLaredo #Laredo #NLD #Tamaulipas<\/p>\n\n\n\n<p>Con motivo de la celebraci\u00f3n del Natalicio de George Washington, la Washington\u2019s Birthday Celebrations Association (WBCA) llevar\u00e1 a cabo la tradicional Ceremonia del Abrazo 2025 el pr\u00f3ximo s\u00e1bado 22 de febrero en el Puente Internacional No. II Ju\u00e1rez-Lincoln.<\/p>\n\n\n\n<p>Debido a la realizaci\u00f3n de este evento binacional de gran trascendencia entre las ciudades hermanas de Nuevo Laredo, Tamaulipas, y Laredo, Texas, el cruce fronterizo permanecer\u00e1 cerrado en su totalidad en un horario de 5:00 a 9:00 de la ma\u00f1ana.<\/p>\n\n\n\n<p>Se recomienda a los ciudadanos y transportistas tomar precauciones y considerar rutas alternas para evitar contratiempos.<\/p>\n\n\n\n<p>Para m\u00e1s informaci\u00f3n, las autoridades exhortan a la comunidad a mantenerse atenta a los comunicados oficiales.<\/p>\n","protected":false},"excerpt":{"rendered":"<p>Por: Staff | #NuevoLaredo #Laredo #NLD #Tamaulipas Con motivo de la celebraci\u00f3n del Natalicio de George Washington, la Washington\u2019s Birthday Celebrations Association (WBCA) llevar\u00e1 a cabo la tradicional Ceremonia del Abrazo 2025 el pr\u00f3ximo s\u00e1bado 22 de febrero en el Puente Internacional No. II Ju\u00e1rez-Lincoln. Debido a la realizaci\u00f3n de este evento binacional de gran &hellip;<\/p>\n","protected":false},"author":1,"featured_media":14240,"comment_status":"open","ping_status":"open","sticky":false,"template":"","format":"standard","meta":{"footnotes":""},"categories":[38],"tags":[],"class_list":["post-14239","post","type-post","status-publish","format-standard","has-post-thumbnail","","category-nuevo-laredo"],"_links":{"self":[{"href":"https:\/\/www.radiointeractivo.com.mx\/index.php?rest_route=\/wp\/v2\/posts\/14239","targetHints":{"allow":["GET"]}}],"collection":[{"href":"https:\/\/www.radiointeractivo.com.mx\/index.php?rest_route=\/wp\/v2\/posts"}],"about":[{"href":"https:\/\/www.radiointeractivo.com.mx\/index.php?rest_route=\/wp\/v2\/types\/post"}],"author":[{"embeddable":true,"href":"https:\/\/www.radiointeractivo.com.mx\/index.php?rest_route=\/wp\/v2\/users\/1"}],"replies":[{"embeddable":true,"href":"https:\/\/www.radiointeractivo.com.mx\/index.php?rest_route=%2Fwp%2Fv2%2Fcomments&post=14239"}],"version-history":[{"count":1,"href":"https:\/\/www.radiointeractivo.com.mx\/index.php?rest_route=\/wp\/v2\/posts\/14239\/revisions"}],"predecessor-version":[{"id":14241,"href":"https:\/\/www.radiointeractivo.com.mx\/index.php?rest_route=\/wp\/v2\/posts\/14239\/revisions\/14241"}],"wp:featuredmedia":[{"embeddable":true,"href":"https:\/\/www.radiointeractivo.com.mx\/index.php?rest_route=\/wp\/v2\/media\/14240"}],"wp:attachment":[{"href":"https:\/\/www.radiointeractivo.com.mx\/index.php?rest_route=%2Fwp%2Fv2%2Fmedia&parent=14239"}],"wp:term":[{"taxonomy":"category","embeddable":true,"href":"https:\/\/www.radiointeractivo.com.mx\/index.php?rest_route=%2Fwp%2Fv2%2Fcategories&post=14239"},{"taxonomy":"post_tag","embeddable":true,"href":"https:\/\/www.radiointeractivo.com.mx\/index.php?rest_route=%2Fwp%2Fv2%2Ftags&post=14239"}],"curies":[{"name":"wp","href":"https:\/\/api.w.org\/{rel}","templated":true}]}}