{"id":14233,"date":"2025-02-19T17:02:55","date_gmt":"2025-02-19T23:02:55","guid":{"rendered":"https:\/\/www.radiointeractivo.com.mx\/?p=14233"},"modified":"2025-02-19T17:02:56","modified_gmt":"2025-02-19T23:02:56","slug":"fortalece-sspt-convocatoria-para-el-reclutamiento-de-custodios-penitenciarios","status":"publish","type":"post","link":"https:\/\/www.radiointeractivo.com.mx\/?p=14233","title":{"rendered":"Fortalece SSPT convocatoria para el reclutamiento de custodios penitenciarios"},"content":{"rendered":"\n<figure class=\"wp-block-image size-large\"><img loading=\"lazy\" decoding=\"async\" width=\"1024\" height=\"682\" src=\"https:\/\/www.radiointeractivo.com.mx\/wp-content\/uploads\/2025\/02\/WhatsApp-Image-2025-02-19-at-3.07.10-PM-1024x682.jpeg\" alt=\"\" class=\"wp-image-14234\" srcset=\"https:\/\/www.radiointeractivo.com.mx\/wp-content\/uploads\/2025\/02\/WhatsApp-Image-2025-02-19-at-3.07.10-PM-1024x682.jpeg 1024w, https:\/\/www.radiointeractivo.com.mx\/wp-content\/uploads\/2025\/02\/WhatsApp-Image-2025-02-19-at-3.07.10-PM-300x200.jpeg 300w, https:\/\/www.radiointeractivo.com.mx\/wp-content\/uploads\/2025\/02\/WhatsApp-Image-2025-02-19-at-3.07.10-PM-768x512.jpeg 768w, https:\/\/www.radiointeractivo.com.mx\/wp-content\/uploads\/2025\/02\/WhatsApp-Image-2025-02-19-at-3.07.10-PM-1536x1023.jpeg 1536w, https:\/\/www.radiointeractivo.com.mx\/wp-content\/uploads\/2025\/02\/WhatsApp-Image-2025-02-19-at-3.07.10-PM-310x205.jpeg 310w, https:\/\/www.radiointeractivo.com.mx\/wp-content\/uploads\/2025\/02\/WhatsApp-Image-2025-02-19-at-3.07.10-PM.jpeg 1600w\" sizes=\"auto, (max-width: 1024px) 100vw, 1024px\" \/><\/figure>\n\n\n\n<p>Por: Agencias<\/p>\n\n\n\n<p>Ciudad Victoria, Tamaulipas.- Con la finalidad de incrementar el estado de fuerza de los Cuerpos de Vigilancia, Custodia y Seguridad, y fortalecer la seguridad al interior de los Centros de Ejecuci\u00f3n de Sanciones (CEDES) de la entidad, la Secretar\u00eda de Seguridad P\u00fablica de Tamaulipas (SSPT) intensifica la campa\u00f1a de reclutamiento enfocada a estas vacantes.<\/p>\n\n\n\n<p>La convocatoria se encuentra abierta por tiempo indefinido tanto para hombres como para mujeres, de 18 a 40 a\u00f1os con nacionalidad mexicana y bachillerato concluido.<\/p>\n\n\n\n<p>La estatura m\u00ednima requerida para varones es de 1.60 metros, y para mujeres de 1.55 metros, adem\u00e1s, se solicita no tener tatuajes visibles en manos, cara y cuello.<\/p>\n\n\n\n<p>Una vez activos, el personal de los Cuerpos de Vigilancia, Custodia y Seguridad recibe beneficios como seguro de vida, seguro m\u00e9dico, bonos del d\u00eda del padre o de la madre, entre otras prestaciones.<\/p>\n\n\n\n<p>Para mayor informaci\u00f3n, la custodio, Gladys Bautista Mart\u00ednez, invit\u00f3 a comunicarse al tel\u00e9fono: 800 122 2336 y a contactar las p\u00e1ginas oficiales de Facebook e Instagram: \u00danete a la Guardia Estatal Tamaulipas para conocer los requisitos y pasos del proceso de reclutamiento.<\/p>\n","protected":false},"excerpt":{"rendered":"<p>Por: Agencias Ciudad Victoria, Tamaulipas.- Con la finalidad de incrementar el estado de fuerza de los Cuerpos de Vigilancia, Custodia y Seguridad, y fortalecer la seguridad al interior de los Centros de Ejecuci\u00f3n de Sanciones (CEDES) de la entidad, la Secretar\u00eda de Seguridad P\u00fablica de Tamaulipas (SSPT) intensifica la campa\u00f1a de reclutamiento enfocada a estas &hellip;<\/p>\n","protected":false},"author":1,"featured_media":14234,"comment_status":"open","ping_status":"open","sticky":false,"template":"","format":"standard","meta":{"footnotes":""},"categories":[39],"tags":[],"class_list":["post-14233","post","type-post","status-publish","format-standard","has-post-thumbnail","","category-tamaulipas"],"_links":{"self":[{"href":"https:\/\/www.radiointeractivo.com.mx\/index.php?rest_route=\/wp\/v2\/posts\/14233","targetHints":{"allow":["GET"]}}],"collection":[{"href":"https:\/\/www.radiointeractivo.com.mx\/index.php?rest_route=\/wp\/v2\/posts"}],"about":[{"href":"https:\/\/www.radiointeractivo.com.mx\/index.php?rest_route=\/wp\/v2\/types\/post"}],"author":[{"embeddable":true,"href":"https:\/\/www.radiointeractivo.com.mx\/index.php?rest_route=\/wp\/v2\/users\/1"}],"replies":[{"embeddable":true,"href":"https:\/\/www.radiointeractivo.com.mx\/index.php?rest_route=%2Fwp%2Fv2%2Fcomments&post=14233"}],"version-history":[{"count":1,"href":"https:\/\/www.radiointeractivo.com.mx\/index.php?rest_route=\/wp\/v2\/posts\/14233\/revisions"}],"predecessor-version":[{"id":14235,"href":"https:\/\/www.radiointeractivo.com.mx\/index.php?rest_route=\/wp\/v2\/posts\/14233\/revisions\/14235"}],"wp:featuredmedia":[{"embeddable":true,"href":"https:\/\/www.radiointeractivo.com.mx\/index.php?rest_route=\/wp\/v2\/media\/14234"}],"wp:attachment":[{"href":"https:\/\/www.radiointeractivo.com.mx\/index.php?rest_route=%2Fwp%2Fv2%2Fmedia&parent=14233"}],"wp:term":[{"taxonomy":"category","embeddable":true,"href":"https:\/\/www.radiointeractivo.com.mx\/index.php?rest_route=%2Fwp%2Fv2%2Fcategories&post=14233"},{"taxonomy":"post_tag","embeddable":true,"href":"https:\/\/www.radiointeractivo.com.mx\/index.php?rest_route=%2Fwp%2Fv2%2Ftags&post=14233"}],"curies":[{"name":"wp","href":"https:\/\/api.w.org\/{rel}","templated":true}]}}