{"id":14227,"date":"2025-02-19T16:55:39","date_gmt":"2025-02-19T22:55:39","guid":{"rendered":"https:\/\/www.radiointeractivo.com.mx\/?p=14227"},"modified":"2025-02-19T16:55:40","modified_gmt":"2025-02-19T22:55:40","slug":"exhorta-salud-a-la-poblacion-a-protegerse-ante-las-bajas-temperaturas","status":"publish","type":"post","link":"https:\/\/www.radiointeractivo.com.mx\/?p=14227","title":{"rendered":"Exhorta Salud a la poblaci\u00f3n a protegerse ante las bajas temperaturas"},"content":{"rendered":"\n<figure class=\"wp-block-image size-full\"><img loading=\"lazy\" decoding=\"async\" width=\"958\" height=\"596\" src=\"https:\/\/www.radiointeractivo.com.mx\/wp-content\/uploads\/2025\/02\/frios.jpeg\" alt=\"\" class=\"wp-image-14228\" srcset=\"https:\/\/www.radiointeractivo.com.mx\/wp-content\/uploads\/2025\/02\/frios.jpeg 958w, https:\/\/www.radiointeractivo.com.mx\/wp-content\/uploads\/2025\/02\/frios-300x187.jpeg 300w, https:\/\/www.radiointeractivo.com.mx\/wp-content\/uploads\/2025\/02\/frios-768x478.jpeg 768w\" sizes=\"auto, (max-width: 958px) 100vw, 958px\" \/><\/figure>\n\n\n\n<p>Por: Agencias<\/p>\n\n\n\n<p>Ciudad Victoria, Tamaulipas.- Al considerar que estamos en plena temporada invernal y ante las bajas temperaturas que se registran por el frente fr\u00edo n\u00famero 28, el secretario de Salud, Vicente Joel Hern\u00e1ndez Navarro, pidi\u00f3 a la poblaci\u00f3n mantenerse abrigada y no exponerse a los cambios bruscos de temperatura.<\/p>\n\n\n\n<p>Dijo que contin\u00faa la temporada invernal y no debemos confiarnos en salir del hogar con ropa ligera, ya que los cambios del clima en ocasiones pueden ser extremos debido a que las primeras horas del d\u00eda son fr\u00edas y por la tarde aumenta la temperatura, lo que provoca afectaciones de las v\u00edas respiratorias y que en este periodo (octubre 2024-marzo 2025) suman m\u00e1s de 250 mil casos.<\/p>\n\n\n\n<p>\u201cA pesar que el Sistema de Vigilancia Epidemiol\u00f3gica convencional, durante la temporada invernal 2024-2025, no ha registrado un incremento considerable en los casos de infecciones respiratorias agudas a diferencia de la temporada invernal 2023-2024, es necesario seguir aplicando medidas de prevenci\u00f3n para evitar complicaciones en nuestro estado de salud, como el abrigarnos adecuadamente para no recibir cambios bruscos de temperatura\u201d, destac\u00f3 Hern\u00e1ndez Navarro.<\/p>\n\n\n\n<p>El reporte epidemiol\u00f3gico se\u00f1ala que en el periodo de octubre de 2024 a la fecha, se han registrado 257 mil 489 casos de infecciones respiratorias agudas y durante la temporada invernal 2023-2024 (mismo periodo de tiempo) se reportaron 317 mil 694 pacientes, y considerando que falta m\u00e1s de un mes para que finalice la temporada invernal y la presencia de frentes fr\u00edos intensos, se debe seguir con las medidas de prevenci\u00f3n.<\/p>\n\n\n\n<p>En lo referente a influenza, en las temporadas estacionales de a\u00f1os pasados se ha observado una distribuci\u00f3n variable entre los subtipos virales de influenza, teniendo un predominio en las \u00faltimas dos temporadas de influenza A (H3N2) e influenza A (H1N1). En la actual temporada hasta el corte de hoy, se observa predominio del 63.5 por ciento en los casos registrados de influenza A (H3N2) y suman unos 52 pacientes confirmados por laboratorio.<\/p>\n\n\n\n<p>Por \u00faltimo, el titular de la Secretar\u00eda de Salud, mencion\u00f3 que la campa\u00f1a de vacunaci\u00f3n sigue vigente en la mayor parte de las unidades de salud y que a\u00fan alcanzan la protecci\u00f3n que se requiere para evitar complicaciones de las enfermedades como influenza y, en cuanto a COVID-19 que es otra infecci\u00f3n respiratoria significativa, se debe tener la precauci\u00f3n de aplicarla para que en caso de padecerla, se disminuya la gravedad de la enfermedad.<\/p>\n","protected":false},"excerpt":{"rendered":"<p>Por: Agencias Ciudad Victoria, Tamaulipas.- Al considerar que estamos en plena temporada invernal y ante las bajas temperaturas que se registran por el frente fr\u00edo n\u00famero 28, el secretario de Salud, Vicente Joel Hern\u00e1ndez Navarro, pidi\u00f3 a la poblaci\u00f3n mantenerse abrigada y no exponerse a los cambios bruscos de temperatura. Dijo que contin\u00faa la temporada &hellip;<\/p>\n","protected":false},"author":1,"featured_media":14228,"comment_status":"open","ping_status":"open","sticky":false,"template":"","format":"standard","meta":{"footnotes":""},"categories":[39],"tags":[],"class_list":["post-14227","post","type-post","status-publish","format-standard","has-post-thumbnail","","category-tamaulipas"],"_links":{"self":[{"href":"https:\/\/www.radiointeractivo.com.mx\/index.php?rest_route=\/wp\/v2\/posts\/14227","targetHints":{"allow":["GET"]}}],"collection":[{"href":"https:\/\/www.radiointeractivo.com.mx\/index.php?rest_route=\/wp\/v2\/posts"}],"about":[{"href":"https:\/\/www.radiointeractivo.com.mx\/index.php?rest_route=\/wp\/v2\/types\/post"}],"author":[{"embeddable":true,"href":"https:\/\/www.radiointeractivo.com.mx\/index.php?rest_route=\/wp\/v2\/users\/1"}],"replies":[{"embeddable":true,"href":"https:\/\/www.radiointeractivo.com.mx\/index.php?rest_route=%2Fwp%2Fv2%2Fcomments&post=14227"}],"version-history":[{"count":1,"href":"https:\/\/www.radiointeractivo.com.mx\/index.php?rest_route=\/wp\/v2\/posts\/14227\/revisions"}],"predecessor-version":[{"id":14229,"href":"https:\/\/www.radiointeractivo.com.mx\/index.php?rest_route=\/wp\/v2\/posts\/14227\/revisions\/14229"}],"wp:featuredmedia":[{"embeddable":true,"href":"https:\/\/www.radiointeractivo.com.mx\/index.php?rest_route=\/wp\/v2\/media\/14228"}],"wp:attachment":[{"href":"https:\/\/www.radiointeractivo.com.mx\/index.php?rest_route=%2Fwp%2Fv2%2Fmedia&parent=14227"}],"wp:term":[{"taxonomy":"category","embeddable":true,"href":"https:\/\/www.radiointeractivo.com.mx\/index.php?rest_route=%2Fwp%2Fv2%2Fcategories&post=14227"},{"taxonomy":"post_tag","embeddable":true,"href":"https:\/\/www.radiointeractivo.com.mx\/index.php?rest_route=%2Fwp%2Fv2%2Ftags&post=14227"}],"curies":[{"name":"wp","href":"https:\/\/api.w.org\/{rel}","templated":true}]}}