{"id":14224,"date":"2025-02-19T16:53:16","date_gmt":"2025-02-19T22:53:16","guid":{"rendered":"https:\/\/www.radiointeractivo.com.mx\/?p=14224"},"modified":"2025-02-19T16:53:18","modified_gmt":"2025-02-19T22:53:18","slug":"capacitan-a-brigadistas-rurales-para-la-temporada-de-incendios-forestales-2025","status":"publish","type":"post","link":"https:\/\/www.radiointeractivo.com.mx\/?p=14224","title":{"rendered":"Capacitan a brigadistas rurales para la temporada de incendios forestales 2025"},"content":{"rendered":"\n<figure class=\"wp-block-image size-large\"><img loading=\"lazy\" decoding=\"async\" width=\"1024\" height=\"768\" src=\"https:\/\/www.radiointeractivo.com.mx\/wp-content\/uploads\/2025\/02\/WhatsApp-Image-2025-02-19-at-1.49.52-PM-1024x768.jpeg\" alt=\"\" class=\"wp-image-14225\" srcset=\"https:\/\/www.radiointeractivo.com.mx\/wp-content\/uploads\/2025\/02\/WhatsApp-Image-2025-02-19-at-1.49.52-PM-1024x768.jpeg 1024w, https:\/\/www.radiointeractivo.com.mx\/wp-content\/uploads\/2025\/02\/WhatsApp-Image-2025-02-19-at-1.49.52-PM-300x225.jpeg 300w, https:\/\/www.radiointeractivo.com.mx\/wp-content\/uploads\/2025\/02\/WhatsApp-Image-2025-02-19-at-1.49.52-PM-768x576.jpeg 768w, https:\/\/www.radiointeractivo.com.mx\/wp-content\/uploads\/2025\/02\/WhatsApp-Image-2025-02-19-at-1.49.52-PM-1536x1152.jpeg 1536w, https:\/\/www.radiointeractivo.com.mx\/wp-content\/uploads\/2025\/02\/WhatsApp-Image-2025-02-19-at-1.49.52-PM.jpeg 1600w\" sizes=\"auto, (max-width: 1024px) 100vw, 1024px\" \/><\/figure>\n\n\n\n<p>Por: Agencias<\/p>\n\n\n\n<p>Jaumave, Tamaulipas.- La Secretar\u00eda de Desarrollo Rural, Pesca y Acuacultura en coordinaci\u00f3n con la Secretar\u00eda de Desarrollo Urbano y Medio Ambiente, Protecci\u00f3n Civil Estatal y la Comisi\u00f3n Nacional Forestal, capacit\u00f3 a 50 brigadas rurales de los municipios del altiplano tamaulipeco, lo anterior con la finalidad de estar preparados para la temporada de incendios forestales 2025.<\/p>\n\n\n\n<p>La directora de Fomento Forestal, Celene Ram\u00edrez Garc\u00eda, quien asisti\u00f3 en representaci\u00f3n del secretario de Desarrollo Rural, Pesca y Acuacultura, Antonio Varela dijo que estos cursos refuerzan las habilidades t\u00e9cnicas y operativas de todos los participantes en el combate de los incendios forestales, para tener una respuesta r\u00e1pida y eficaz, adem\u00e1s de seguir la instrucci\u00f3n del gobernador Am\u00e9rico Villarreal Anaya de promover la cultura de la prevenci\u00f3n y la seguridad ante situaciones de emergencia en la regi\u00f3n.<\/p>\n\n\n\n<p>\u201cDurante este curso donde se capacit\u00f3 a 50 brigadistas de Protecci\u00f3n Civil del estado y de los municipios de Jaumave y Tula, as\u00ed como a los brigadistas rurales de los municipios de Bustamante, Jaumave y Miquihuana, se proporcionaron herramientas y conocimientos pr\u00e1cticos sobre manejo de emergencias, manejo de incendios, y otras habilidades esenciales para la seguridad y bienestar de las comunidades rurales\u201d, coment\u00f3 Celene Ram\u00edrez.<\/p>\n\n\n\n<p>As\u00ed mismo, destac\u00f3 que dicha capacitaci\u00f3n fue impartida por brigadistas certificados de la Promotor\u00eda de Desarrollo Forestal Tamaulipas, quienes cuentan con amplia experiencia y trayectoria, y se llev\u00f3 a cabo en las instalaciones del Centro Recreativo El Ojito, ubicado en el municipio de Jaumave.<\/p>\n","protected":false},"excerpt":{"rendered":"<p>Por: Agencias Jaumave, Tamaulipas.- La Secretar\u00eda de Desarrollo Rural, Pesca y Acuacultura en coordinaci\u00f3n con la Secretar\u00eda de Desarrollo Urbano y Medio Ambiente, Protecci\u00f3n Civil Estatal y la Comisi\u00f3n Nacional Forestal, capacit\u00f3 a 50 brigadas rurales de los municipios del altiplano tamaulipeco, lo anterior con la finalidad de estar preparados para la temporada de incendios &hellip;<\/p>\n","protected":false},"author":1,"featured_media":14225,"comment_status":"open","ping_status":"open","sticky":false,"template":"","format":"standard","meta":{"footnotes":""},"categories":[39],"tags":[],"class_list":["post-14224","post","type-post","status-publish","format-standard","has-post-thumbnail","","category-tamaulipas"],"_links":{"self":[{"href":"https:\/\/www.radiointeractivo.com.mx\/index.php?rest_route=\/wp\/v2\/posts\/14224","targetHints":{"allow":["GET"]}}],"collection":[{"href":"https:\/\/www.radiointeractivo.com.mx\/index.php?rest_route=\/wp\/v2\/posts"}],"about":[{"href":"https:\/\/www.radiointeractivo.com.mx\/index.php?rest_route=\/wp\/v2\/types\/post"}],"author":[{"embeddable":true,"href":"https:\/\/www.radiointeractivo.com.mx\/index.php?rest_route=\/wp\/v2\/users\/1"}],"replies":[{"embeddable":true,"href":"https:\/\/www.radiointeractivo.com.mx\/index.php?rest_route=%2Fwp%2Fv2%2Fcomments&post=14224"}],"version-history":[{"count":1,"href":"https:\/\/www.radiointeractivo.com.mx\/index.php?rest_route=\/wp\/v2\/posts\/14224\/revisions"}],"predecessor-version":[{"id":14226,"href":"https:\/\/www.radiointeractivo.com.mx\/index.php?rest_route=\/wp\/v2\/posts\/14224\/revisions\/14226"}],"wp:featuredmedia":[{"embeddable":true,"href":"https:\/\/www.radiointeractivo.com.mx\/index.php?rest_route=\/wp\/v2\/media\/14225"}],"wp:attachment":[{"href":"https:\/\/www.radiointeractivo.com.mx\/index.php?rest_route=%2Fwp%2Fv2%2Fmedia&parent=14224"}],"wp:term":[{"taxonomy":"category","embeddable":true,"href":"https:\/\/www.radiointeractivo.com.mx\/index.php?rest_route=%2Fwp%2Fv2%2Fcategories&post=14224"},{"taxonomy":"post_tag","embeddable":true,"href":"https:\/\/www.radiointeractivo.com.mx\/index.php?rest_route=%2Fwp%2Fv2%2Ftags&post=14224"}],"curies":[{"name":"wp","href":"https:\/\/api.w.org\/{rel}","templated":true}]}}