{"id":1422,"date":"2023-09-04T15:30:42","date_gmt":"2023-09-04T20:30:42","guid":{"rendered":"https:\/\/www.radiointeractivo.com.mx\/?p=1422"},"modified":"2023-09-04T15:30:43","modified_gmt":"2023-09-04T20:30:43","slug":"abren-inscripciones-en-la-guarderia-especial-cri-del-dif","status":"publish","type":"post","link":"https:\/\/www.radiointeractivo.com.mx\/?p=1422","title":{"rendered":"ABREN INSCRIPCIONES EN LA GUARDER\u00cdA ESPECIAL CRI DEL DIF"},"content":{"rendered":"\n<p>Por: Staff | #Nuevo #Tamaulipas<\/p>\n\n\n\n<p>La guarder\u00eda especial del Centro de Rehabilitaci\u00f3n Integral (CRI) que pertenece al Sistema para el Desarrollo Integral de la Familia (DIF) abre inscripciones para ni\u00f1as, ni\u00f1os y adolescentes con discapacidad de 2 a 15 a\u00f1os de edad.<\/p>\n\n\n\n<p>En este centro se brinda atenci\u00f3n integral a menores con discapacidad de escasos recursos, con la finalidad de apoyar a sus familias para que puedan trabajar mientras sus hijos reciben atenci\u00f3n especializada que les ayude a mejorar su desarrollo f\u00edsico, mental y social.<\/p>\n\n\n\n<p>En la guarder\u00eda especial del CRI se pueden inscribir menores con diagn\u00f3sticos diversos como: autismo, par\u00e1lisis cerebral, luxaci\u00f3n de cadera, retraso psicomotor, s\u00edndrome de down entre otros.<\/p>\n\n\n\n<p>Los padres de familia interesados pueden solicitar m\u00e1s informaci\u00f3n comunic\u00e1ndose al 867-710-75-69 o acudiendo personalmente al edificio ubicado en Blvd. \u00c1vila Camacho 261 en la colonia La Fe de lunes a viernes de 8 de la ma\u00f1ana a las 3:30 de la tarde.<\/p>\n","protected":false},"excerpt":{"rendered":"<p>Por: Staff | #Nuevo #Tamaulipas La guarder\u00eda especial del Centro de Rehabilitaci\u00f3n Integral (CRI) que pertenece al Sistema para el Desarrollo Integral de la Familia (DIF) abre inscripciones para ni\u00f1as, ni\u00f1os y adolescentes con discapacidad de 2 a 15 a\u00f1os de edad. En este centro se brinda atenci\u00f3n integral a menores con discapacidad de escasos &hellip;<\/p>\n","protected":false},"author":1,"featured_media":1423,"comment_status":"open","ping_status":"open","sticky":false,"template":"","format":"standard","meta":{"footnotes":""},"categories":[38],"tags":[],"class_list":["post-1422","post","type-post","status-publish","format-standard","has-post-thumbnail","","category-nuevo-laredo"],"_links":{"self":[{"href":"https:\/\/www.radiointeractivo.com.mx\/index.php?rest_route=\/wp\/v2\/posts\/1422","targetHints":{"allow":["GET"]}}],"collection":[{"href":"https:\/\/www.radiointeractivo.com.mx\/index.php?rest_route=\/wp\/v2\/posts"}],"about":[{"href":"https:\/\/www.radiointeractivo.com.mx\/index.php?rest_route=\/wp\/v2\/types\/post"}],"author":[{"embeddable":true,"href":"https:\/\/www.radiointeractivo.com.mx\/index.php?rest_route=\/wp\/v2\/users\/1"}],"replies":[{"embeddable":true,"href":"https:\/\/www.radiointeractivo.com.mx\/index.php?rest_route=%2Fwp%2Fv2%2Fcomments&post=1422"}],"version-history":[{"count":1,"href":"https:\/\/www.radiointeractivo.com.mx\/index.php?rest_route=\/wp\/v2\/posts\/1422\/revisions"}],"predecessor-version":[{"id":1424,"href":"https:\/\/www.radiointeractivo.com.mx\/index.php?rest_route=\/wp\/v2\/posts\/1422\/revisions\/1424"}],"wp:featuredmedia":[{"embeddable":true,"href":"https:\/\/www.radiointeractivo.com.mx\/index.php?rest_route=\/wp\/v2\/media\/1423"}],"wp:attachment":[{"href":"https:\/\/www.radiointeractivo.com.mx\/index.php?rest_route=%2Fwp%2Fv2%2Fmedia&parent=1422"}],"wp:term":[{"taxonomy":"category","embeddable":true,"href":"https:\/\/www.radiointeractivo.com.mx\/index.php?rest_route=%2Fwp%2Fv2%2Fcategories&post=1422"},{"taxonomy":"post_tag","embeddable":true,"href":"https:\/\/www.radiointeractivo.com.mx\/index.php?rest_route=%2Fwp%2Fv2%2Ftags&post=1422"}],"curies":[{"name":"wp","href":"https:\/\/api.w.org\/{rel}","templated":true}]}}