{"id":14215,"date":"2025-02-19T14:49:54","date_gmt":"2025-02-19T20:49:54","guid":{"rendered":"https:\/\/www.radiointeractivo.com.mx\/?p=14215"},"modified":"2025-02-19T14:49:56","modified_gmt":"2025-02-19T20:49:56","slug":"arranca-campana-de-esterilizacion-de-perros-y-gatos-callejeros-del-gobierno-municipal","status":"publish","type":"post","link":"https:\/\/www.radiointeractivo.com.mx\/?p=14215","title":{"rendered":"ARRANCA CAMPA\u00d1A DE ESTERILIZACI\u00d3N DE PERROS Y GATOS CALLEJEROS DEL GOBIERNO MUNICIPAL"},"content":{"rendered":"\n<figure class=\"wp-block-image size-large\"><img loading=\"lazy\" decoding=\"async\" width=\"1024\" height=\"684\" src=\"https:\/\/www.radiointeractivo.com.mx\/wp-content\/uploads\/2025\/02\/WhatsApp-Image-2025-02-19-at-2.04.28-PM-1024x684.jpeg\" alt=\"\" class=\"wp-image-14216\" srcset=\"https:\/\/www.radiointeractivo.com.mx\/wp-content\/uploads\/2025\/02\/WhatsApp-Image-2025-02-19-at-2.04.28-PM-1024x684.jpeg 1024w, https:\/\/www.radiointeractivo.com.mx\/wp-content\/uploads\/2025\/02\/WhatsApp-Image-2025-02-19-at-2.04.28-PM-300x200.jpeg 300w, https:\/\/www.radiointeractivo.com.mx\/wp-content\/uploads\/2025\/02\/WhatsApp-Image-2025-02-19-at-2.04.28-PM-768x513.jpeg 768w, https:\/\/www.radiointeractivo.com.mx\/wp-content\/uploads\/2025\/02\/WhatsApp-Image-2025-02-19-at-2.04.28-PM-1536x1026.jpeg 1536w, https:\/\/www.radiointeractivo.com.mx\/wp-content\/uploads\/2025\/02\/WhatsApp-Image-2025-02-19-at-2.04.28-PM.jpeg 1600w\" sizes=\"auto, (max-width: 1024px) 100vw, 1024px\" \/><\/figure>\n\n\n\n<p>Por: Staff | #NuevoLaredo #Laredo #NLD #Tamaulipas<\/p>\n\n\n\n<p>El Gobierno Municipal, a trav\u00e9s de la Direcci\u00f3n de Bienestar Animal, arranc\u00f3 la primera jornada de esterilizaci\u00f3n de perritos y gatitos en situaci\u00f3n de calle, del 19 al 24 de febrero. Esta iniciativa beneficiar\u00e1 a 350 animales, con el objetivo de reducir la sobrepoblaci\u00f3n, combatir el maltrato animal y contribuir a la salud p\u00fablica.<\/p>\n\n\n\n<p>La Directora de Bienestar Animal, Mariza Zarate Flores, destac\u00f3 que la campa\u00f1a contar\u00e1 con la participaci\u00f3n de una especialista proveniente de Nuevo Le\u00f3n, quien se dedica exclusivamente a este tipo de procedimientos.<\/p>\n\n\n\n<p>&#8220;Se trata de una cirug\u00eda de m\u00ednima invasi\u00f3n, con una recuperaci\u00f3n r\u00e1pida, lo que garantiza el bienestar de los animalitos intervenidos&#8221;, explic\u00f3 Zarate Flores.<\/p>\n\n\n\n<p>Esta jornada se realiza en colaboraci\u00f3n con rescatistas y animalistas comprometidos con la protecci\u00f3n y el cuidado de los animales en situaci\u00f3n de calle.<\/p>\n\n\n\n<p>&#8220;Nos da mucho gusto poder generar conciencia sobre la importancia de la esterilizaci\u00f3n como una medida efectiva para mejorar la calidad de vida de los animales y prevenir el abandono, nuestra presidenta municipal est\u00e1 preocupada por los animales y su cuidado&#8221;, agreg\u00f3 la directora.<\/p>\n\n\n\n<p>El Gobierno Municipal reitera su compromiso con el bienestar animal y anuncia que estas jornadas de esterilizaci\u00f3n continuar\u00e1n realiz\u00e1ndose cada dos meses, de manera completamente gratuita.<\/p>\n\n\n\n<p>Para m\u00e1s informaci\u00f3n sobre la campa\u00f1a y los requisitos de participaci\u00f3n, los interesados pueden acudir a las oficinas de la Direcci\u00f3n de Bienestar Animal.<\/p>\n","protected":false},"excerpt":{"rendered":"<p>Por: Staff | #NuevoLaredo #Laredo #NLD #Tamaulipas El Gobierno Municipal, a trav\u00e9s de la Direcci\u00f3n de Bienestar Animal, arranc\u00f3 la primera jornada de esterilizaci\u00f3n de perritos y gatitos en situaci\u00f3n de calle, del 19 al 24 de febrero. Esta iniciativa beneficiar\u00e1 a 350 animales, con el objetivo de reducir la sobrepoblaci\u00f3n, combatir el maltrato animal &hellip;<\/p>\n","protected":false},"author":1,"featured_media":14216,"comment_status":"open","ping_status":"open","sticky":false,"template":"","format":"standard","meta":{"footnotes":""},"categories":[38],"tags":[],"class_list":["post-14215","post","type-post","status-publish","format-standard","has-post-thumbnail","","category-nuevo-laredo"],"_links":{"self":[{"href":"https:\/\/www.radiointeractivo.com.mx\/index.php?rest_route=\/wp\/v2\/posts\/14215","targetHints":{"allow":["GET"]}}],"collection":[{"href":"https:\/\/www.radiointeractivo.com.mx\/index.php?rest_route=\/wp\/v2\/posts"}],"about":[{"href":"https:\/\/www.radiointeractivo.com.mx\/index.php?rest_route=\/wp\/v2\/types\/post"}],"author":[{"embeddable":true,"href":"https:\/\/www.radiointeractivo.com.mx\/index.php?rest_route=\/wp\/v2\/users\/1"}],"replies":[{"embeddable":true,"href":"https:\/\/www.radiointeractivo.com.mx\/index.php?rest_route=%2Fwp%2Fv2%2Fcomments&post=14215"}],"version-history":[{"count":1,"href":"https:\/\/www.radiointeractivo.com.mx\/index.php?rest_route=\/wp\/v2\/posts\/14215\/revisions"}],"predecessor-version":[{"id":14217,"href":"https:\/\/www.radiointeractivo.com.mx\/index.php?rest_route=\/wp\/v2\/posts\/14215\/revisions\/14217"}],"wp:featuredmedia":[{"embeddable":true,"href":"https:\/\/www.radiointeractivo.com.mx\/index.php?rest_route=\/wp\/v2\/media\/14216"}],"wp:attachment":[{"href":"https:\/\/www.radiointeractivo.com.mx\/index.php?rest_route=%2Fwp%2Fv2%2Fmedia&parent=14215"}],"wp:term":[{"taxonomy":"category","embeddable":true,"href":"https:\/\/www.radiointeractivo.com.mx\/index.php?rest_route=%2Fwp%2Fv2%2Fcategories&post=14215"},{"taxonomy":"post_tag","embeddable":true,"href":"https:\/\/www.radiointeractivo.com.mx\/index.php?rest_route=%2Fwp%2Fv2%2Ftags&post=14215"}],"curies":[{"name":"wp","href":"https:\/\/api.w.org\/{rel}","templated":true}]}}