{"id":14194,"date":"2025-02-18T17:17:00","date_gmt":"2025-02-18T23:17:00","guid":{"rendered":"https:\/\/www.radiointeractivo.com.mx\/?p=14194"},"modified":"2025-02-18T17:17:01","modified_gmt":"2025-02-18T23:17:01","slug":"participa-ninfa-cantu-en-presentacion-del-consejo-honorario-promotor-hecho-en-mexico","status":"publish","type":"post","link":"https:\/\/www.radiointeractivo.com.mx\/?p=14194","title":{"rendered":"Participa Ninfa Cant\u00fa en presentaci\u00f3n del Consejo Honorario Promotor &#8220;Hecho en M\u00e9xico&#8221;"},"content":{"rendered":"\n<figure class=\"wp-block-image size-full\"><img loading=\"lazy\" decoding=\"async\" width=\"967\" height=\"908\" src=\"https:\/\/www.radiointeractivo.com.mx\/wp-content\/uploads\/2025\/02\/WhatsApp-Image-2025-02-18-at-4.16.31-PM.jpeg\" alt=\"\" class=\"wp-image-14195\" srcset=\"https:\/\/www.radiointeractivo.com.mx\/wp-content\/uploads\/2025\/02\/WhatsApp-Image-2025-02-18-at-4.16.31-PM.jpeg 967w, https:\/\/www.radiointeractivo.com.mx\/wp-content\/uploads\/2025\/02\/WhatsApp-Image-2025-02-18-at-4.16.31-PM-300x282.jpeg 300w, https:\/\/www.radiointeractivo.com.mx\/wp-content\/uploads\/2025\/02\/WhatsApp-Image-2025-02-18-at-4.16.31-PM-768x721.jpeg 768w\" sizes=\"auto, (max-width: 967px) 100vw, 967px\" \/><\/figure>\n\n\n\n<p>-El secretario de Econom\u00eda federal Marcelo Ebrard encabez\u00f3 la ceremonia y destac\u00f3 el esfuerzo nacional conjunto para apoyar a las empresas mexicanas<\/p>\n\n\n\n<p>Por: Agencias<\/p>\n\n\n\n<p>Ciudad de M\u00e9xico.- La secretar\u00eda de Econom\u00eda, Ninfa Cant\u00fa De\u00e1ndar particip\u00f3 junto a empresarios y representantes del sector p\u00fablico a la presentaci\u00f3n del Consejo Honorario Promotor &#8220;Hecho en M\u00e9xico&#8221; en una ceremonia encabezada por el secretario de econom\u00eda federal, Marcelo Ebrard Casaub\u00f3n.<\/p>\n\n\n\n<p>\u201cHecho en M\u00e9xico\u201d es una estrategia que se enmarca en el Plan M\u00e9xico del gobierno federal como un sello distintivo que representa la calidad y el orgullo de los productos y servicios nacionales.<\/p>\n\n\n\n<p>Cant\u00fa De\u00e1ndar destac\u00f3 que Tamaulipas comparte el compromiso y la visi\u00f3n de los actores econ\u00f3micos para posicionar al pa\u00eds como un referente nacional en calidad, innovaci\u00f3n y tradici\u00f3n a trav\u00e9s de este sello distintivo.<\/p>\n\n\n\n<p>&#8220;Con el distintivo &#8216;Hecho en Tamaulipas&#8217; de nuestro estado, sumaremos esfuerzos para complementar la estrategia &#8216;Hecho en M\u00e9xico&#8217; y brindar a los productores tamaulipecos todos los instrumentos de fomento para garantizar su posicionamiento exitoso en los mercados nacionales e internacionales&#8221;, indic\u00f3.<\/p>\n\n\n\n<p>En la presentaci\u00f3n, el secretario de Econom\u00eda del gobierno federal, Marcelo Ebrard Casaub\u00f3n dijo que el objetivo de toda la estrategia es destacar lo que somos capaces y recuperar el orgullo de lo hecho en nuestro pa\u00eds para estar unidos y victoriosos ante los desaf\u00edos del contexto intencional.<\/p>\n\n\n\n<p>&#8220;Vamos a promover y a defender a las micro, peque\u00f1as y medianas empresas mexicanas en el mundo, potenciar su presencia con la participaci\u00f3n de todos a trav\u00e9s de lo que nos une, por qu\u00e9 lo Hecho en M\u00e9xico, est\u00e1 bien hecho. Vamos actuar juntos, y vamos a vencer&#8221;, puntualiz\u00f3.<\/p>\n\n\n\n<p>A la presentaci\u00f3n del Consejo Honorario Promotor &#8220;Hecho en M\u00e9xico&#8221; asisti\u00f3 tambi\u00e9n el representante del Gobierno de Tamaulipas en Ciudad de M\u00e9xico, Alejandro R\u00e1bago.<\/p>\n","protected":false},"excerpt":{"rendered":"<p>-El secretario de Econom\u00eda federal Marcelo Ebrard encabez\u00f3 la ceremonia y destac\u00f3 el esfuerzo nacional conjunto para apoyar a las empresas mexicanas Por: Agencias Ciudad de M\u00e9xico.- La secretar\u00eda de Econom\u00eda, Ninfa Cant\u00fa De\u00e1ndar particip\u00f3 junto a empresarios y representantes del sector p\u00fablico a la presentaci\u00f3n del Consejo Honorario Promotor &#8220;Hecho en M\u00e9xico&#8221; en una &hellip;<\/p>\n","protected":false},"author":1,"featured_media":14195,"comment_status":"open","ping_status":"open","sticky":false,"template":"","format":"standard","meta":{"footnotes":""},"categories":[39],"tags":[],"class_list":["post-14194","post","type-post","status-publish","format-standard","has-post-thumbnail","","category-tamaulipas"],"_links":{"self":[{"href":"https:\/\/www.radiointeractivo.com.mx\/index.php?rest_route=\/wp\/v2\/posts\/14194","targetHints":{"allow":["GET"]}}],"collection":[{"href":"https:\/\/www.radiointeractivo.com.mx\/index.php?rest_route=\/wp\/v2\/posts"}],"about":[{"href":"https:\/\/www.radiointeractivo.com.mx\/index.php?rest_route=\/wp\/v2\/types\/post"}],"author":[{"embeddable":true,"href":"https:\/\/www.radiointeractivo.com.mx\/index.php?rest_route=\/wp\/v2\/users\/1"}],"replies":[{"embeddable":true,"href":"https:\/\/www.radiointeractivo.com.mx\/index.php?rest_route=%2Fwp%2Fv2%2Fcomments&post=14194"}],"version-history":[{"count":1,"href":"https:\/\/www.radiointeractivo.com.mx\/index.php?rest_route=\/wp\/v2\/posts\/14194\/revisions"}],"predecessor-version":[{"id":14196,"href":"https:\/\/www.radiointeractivo.com.mx\/index.php?rest_route=\/wp\/v2\/posts\/14194\/revisions\/14196"}],"wp:featuredmedia":[{"embeddable":true,"href":"https:\/\/www.radiointeractivo.com.mx\/index.php?rest_route=\/wp\/v2\/media\/14195"}],"wp:attachment":[{"href":"https:\/\/www.radiointeractivo.com.mx\/index.php?rest_route=%2Fwp%2Fv2%2Fmedia&parent=14194"}],"wp:term":[{"taxonomy":"category","embeddable":true,"href":"https:\/\/www.radiointeractivo.com.mx\/index.php?rest_route=%2Fwp%2Fv2%2Fcategories&post=14194"},{"taxonomy":"post_tag","embeddable":true,"href":"https:\/\/www.radiointeractivo.com.mx\/index.php?rest_route=%2Fwp%2Fv2%2Ftags&post=14194"}],"curies":[{"name":"wp","href":"https:\/\/api.w.org\/{rel}","templated":true}]}}