{"id":14172,"date":"2025-02-18T14:03:46","date_gmt":"2025-02-18T20:03:46","guid":{"rendered":"https:\/\/www.radiointeractivo.com.mx\/?p=14172"},"modified":"2025-02-18T14:03:47","modified_gmt":"2025-02-18T20:03:47","slug":"fortalece-nuevo-laredo-liderazgo-como-punto-estrategico-para-inversion-en-expo-manufactura-2025","status":"publish","type":"post","link":"https:\/\/www.radiointeractivo.com.mx\/?p=14172","title":{"rendered":"FORTALECE NUEVO LAREDO LIDERAZGO COMO PUNTO ESTRAT\u00c9GICO PARA INVERSI\u00d3N EN EXPO MANUFACTURA 2025"},"content":{"rendered":"\n<figure class=\"wp-block-image size-large\"><img loading=\"lazy\" decoding=\"async\" width=\"1024\" height=\"683\" src=\"https:\/\/www.radiointeractivo.com.mx\/wp-content\/uploads\/2025\/02\/WhatsApp-Image-2025-02-18-at-1.01.38-PM-1-1024x683.jpeg\" alt=\"\" class=\"wp-image-14173\" srcset=\"https:\/\/www.radiointeractivo.com.mx\/wp-content\/uploads\/2025\/02\/WhatsApp-Image-2025-02-18-at-1.01.38-PM-1-1024x683.jpeg 1024w, https:\/\/www.radiointeractivo.com.mx\/wp-content\/uploads\/2025\/02\/WhatsApp-Image-2025-02-18-at-1.01.38-PM-1-300x200.jpeg 300w, https:\/\/www.radiointeractivo.com.mx\/wp-content\/uploads\/2025\/02\/WhatsApp-Image-2025-02-18-at-1.01.38-PM-1-768x512.jpeg 768w, https:\/\/www.radiointeractivo.com.mx\/wp-content\/uploads\/2025\/02\/WhatsApp-Image-2025-02-18-at-1.01.38-PM-1-1536x1024.jpeg 1536w, https:\/\/www.radiointeractivo.com.mx\/wp-content\/uploads\/2025\/02\/WhatsApp-Image-2025-02-18-at-1.01.38-PM-1.jpeg 1600w\" sizes=\"auto, (max-width: 1024px) 100vw, 1024px\" \/><\/figure>\n\n\n\n<p>Por: Staff | #NuevoLaredo #Laredo #NLD #Tamaulipas<\/p>\n\n\n\n<p>Con una destacada participaci\u00f3n, Nuevo Laredo consolid\u00f3 su presencia en la Expo Manufactura 2025, uno de los eventos industriales m\u00e1s importantes del pa\u00eds, realizado durante la primera quincena de febrero en Monterrey, Nuevo Le\u00f3n.<\/p>\n\n\n\n<p>Rolando Guevara Gonz\u00e1lez, secretario de Desarrollo Econ\u00f3mico de Nuevo Laredo, resalt\u00f3 el \u00e9xito del pabell\u00f3n de la ciudad, donde participaron actores clave del sector econ\u00f3mico y en el que logr\u00f3 atraer a la ciudad a importantes empresas que analizan las ventajas competitivas que ofrece esta frontera.<\/p>\n\n\n\n<p>&#8220;Es una de las exposiciones m\u00e1s importantes del a\u00f1o, con m\u00e1s de 500 expositores de marcas reconocidas en la industria manufacturera. Nos sentimos muy satisfechos porque en nuestro pabell\u00f3n se lograron acuerdos y transacciones clave para la ciudad&#8221;, se\u00f1al\u00f3 Guevara Gonz\u00e1lez.<\/p>\n\n\n\n<p>Uno de los logros m\u00e1s significativos de esta edici\u00f3n fue el inter\u00e9s de una empresa l\u00edder en lubricantes por establecer un centro de operaciones en Nuevo Laredo.<\/p>\n\n\n\n<p>&#8220;Vamos a trabajar en este proyecto, lo que refleja la confianza que los inversionistas tienen en nuestro municipio, tal como lo ha expresado nuestra presidenta municipal, Carmen Lilia Canturosas&#8221; agreg\u00f3 el secretario.<\/p>\n\n\n\n<p>Guevara Gonz\u00e1lez subray\u00f3 que se espera la llegada de m\u00e1s empresas a la ciudad como resultado de esta participaci\u00f3n en la Expo Manufactura, consolidando a Nuevo Laredo como un destino atractivo para la inversi\u00f3n y el desarrollo industrial.<\/p>\n\n\n\n<p>En esta edici\u00f3n, los temas centrales incluyen el nearshoring, la sustentabilidad, la automatizaci\u00f3n, la ciberseguridad y el desarrollo de talento, aspectos que fortalecen la competitividad y el crecimiento del sector industrial.<\/p>\n\n\n\n<p>Nuevo Laredo, como la principal puerta de comercio entre M\u00e9xico y Estados Unidos, aprovech\u00f3 este foro para consolidar alianzas estrat\u00e9gicas y posicionarse como el punto log\u00edstico por excelencia para la manufactura y el comercio internacional.<\/p>\n","protected":false},"excerpt":{"rendered":"<p>Por: Staff | #NuevoLaredo #Laredo #NLD #Tamaulipas Con una destacada participaci\u00f3n, Nuevo Laredo consolid\u00f3 su presencia en la Expo Manufactura 2025, uno de los eventos industriales m\u00e1s importantes del pa\u00eds, realizado durante la primera quincena de febrero en Monterrey, Nuevo Le\u00f3n. Rolando Guevara Gonz\u00e1lez, secretario de Desarrollo Econ\u00f3mico de Nuevo Laredo, resalt\u00f3 el \u00e9xito del &hellip;<\/p>\n","protected":false},"author":1,"featured_media":14173,"comment_status":"open","ping_status":"open","sticky":false,"template":"","format":"standard","meta":{"footnotes":""},"categories":[38],"tags":[],"class_list":["post-14172","post","type-post","status-publish","format-standard","has-post-thumbnail","","category-nuevo-laredo"],"_links":{"self":[{"href":"https:\/\/www.radiointeractivo.com.mx\/index.php?rest_route=\/wp\/v2\/posts\/14172","targetHints":{"allow":["GET"]}}],"collection":[{"href":"https:\/\/www.radiointeractivo.com.mx\/index.php?rest_route=\/wp\/v2\/posts"}],"about":[{"href":"https:\/\/www.radiointeractivo.com.mx\/index.php?rest_route=\/wp\/v2\/types\/post"}],"author":[{"embeddable":true,"href":"https:\/\/www.radiointeractivo.com.mx\/index.php?rest_route=\/wp\/v2\/users\/1"}],"replies":[{"embeddable":true,"href":"https:\/\/www.radiointeractivo.com.mx\/index.php?rest_route=%2Fwp%2Fv2%2Fcomments&post=14172"}],"version-history":[{"count":1,"href":"https:\/\/www.radiointeractivo.com.mx\/index.php?rest_route=\/wp\/v2\/posts\/14172\/revisions"}],"predecessor-version":[{"id":14174,"href":"https:\/\/www.radiointeractivo.com.mx\/index.php?rest_route=\/wp\/v2\/posts\/14172\/revisions\/14174"}],"wp:featuredmedia":[{"embeddable":true,"href":"https:\/\/www.radiointeractivo.com.mx\/index.php?rest_route=\/wp\/v2\/media\/14173"}],"wp:attachment":[{"href":"https:\/\/www.radiointeractivo.com.mx\/index.php?rest_route=%2Fwp%2Fv2%2Fmedia&parent=14172"}],"wp:term":[{"taxonomy":"category","embeddable":true,"href":"https:\/\/www.radiointeractivo.com.mx\/index.php?rest_route=%2Fwp%2Fv2%2Fcategories&post=14172"},{"taxonomy":"post_tag","embeddable":true,"href":"https:\/\/www.radiointeractivo.com.mx\/index.php?rest_route=%2Fwp%2Fv2%2Ftags&post=14172"}],"curies":[{"name":"wp","href":"https:\/\/api.w.org\/{rel}","templated":true}]}}