{"id":14166,"date":"2025-02-18T13:30:57","date_gmt":"2025-02-18T19:30:57","guid":{"rendered":"https:\/\/www.radiointeractivo.com.mx\/?p=14166"},"modified":"2025-02-18T13:31:00","modified_gmt":"2025-02-18T19:31:00","slug":"invita-gobierno-municipal-a-curso-gratuito-de-emprendimiento","status":"publish","type":"post","link":"https:\/\/www.radiointeractivo.com.mx\/?p=14166","title":{"rendered":"INVITA GOBIERNO MUNICIPAL A CURSO GRATUITO DE EMPRENDIMIENTO"},"content":{"rendered":"\n<figure class=\"wp-block-image size-large\"><img loading=\"lazy\" decoding=\"async\" width=\"1024\" height=\"768\" src=\"https:\/\/www.radiointeractivo.com.mx\/wp-content\/uploads\/2025\/02\/WhatsApp-Image-2025-02-18-at-12.38.24-PM-1024x768.jpeg\" alt=\"\" class=\"wp-image-14167\" srcset=\"https:\/\/www.radiointeractivo.com.mx\/wp-content\/uploads\/2025\/02\/WhatsApp-Image-2025-02-18-at-12.38.24-PM-1024x768.jpeg 1024w, https:\/\/www.radiointeractivo.com.mx\/wp-content\/uploads\/2025\/02\/WhatsApp-Image-2025-02-18-at-12.38.24-PM-300x225.jpeg 300w, https:\/\/www.radiointeractivo.com.mx\/wp-content\/uploads\/2025\/02\/WhatsApp-Image-2025-02-18-at-12.38.24-PM-768x576.jpeg 768w, https:\/\/www.radiointeractivo.com.mx\/wp-content\/uploads\/2025\/02\/WhatsApp-Image-2025-02-18-at-12.38.24-PM-1536x1152.jpeg 1536w, https:\/\/www.radiointeractivo.com.mx\/wp-content\/uploads\/2025\/02\/WhatsApp-Image-2025-02-18-at-12.38.24-PM.jpeg 1600w\" sizes=\"auto, (max-width: 1024px) 100vw, 1024px\" \/><\/figure>\n\n\n\n<p>Por: Staff | #NuevoLaredo #Laredo #NLD #Tamaulipas<\/p>\n\n\n\n<p>El Gobierno de Nuevo Laredo, a trav\u00e9s de la Secretar\u00eda de Desarrollo Econ\u00f3mico, en coordinaci\u00f3n con el Instituto Municipal de la Juventud (IMJUVE) Nuevo Laredo y la Universidad Tecmilenio, invita a emprendedores y personas con ideas de negocio a participar en el Curso Gratuito de Emprendimiento.<\/p>\n\n\n\n<p>El taller, dise\u00f1ado para fortalecer habilidades empresariales y ayudar a desarrollar proyectos exitosos, se llevar\u00e1 a cabo los d\u00edas 20 y 21 de febrero, en un horario de 9:00 A.M. a 1:00 P.M., en las instalaciones del IMJUVE, ubicadas en Privada Paseo Col\u00f3n #5710, Colonia Las Torres.<\/p>\n\n\n\n<p>\u201cEs un curso dise\u00f1ado para todos aquellos emprendedores que tienen un proyecto en mente o para quienes ya tienen su peque\u00f1o negocio y buscan consolidarlo\u201d, se\u00f1al\u00f3 Jes\u00fas Espinoza, director del IMJUVE.<\/p>\n\n\n\n<p>Los asistentes al curso aprender\u00e1n sobre herramientas clave para emprender, estrategias para el desarrollo de negocios y consejos pr\u00e1cticos para el \u00e9xito de proyectos.<\/p>\n\n\n\n<p>El cupo es limitado, por lo que se recomienda a los interesados registrarse con anticipaci\u00f3n a trav\u00e9s del enlace: <a href=\"https:\/\/docs.google.com\/...\/1FAIpQLSdis2...\/viewform\">https:\/\/docs.google.com\/&#8230;\/1FAIpQLSdis2&#8230;\/viewform<\/a> o enviando un mensaje al 857 148 6066.<\/p>\n\n\n\n<p>Con esta iniciativa, el Gobierno de Nuevo Laredo reafirma su compromiso con el impulso al emprendimiento y el desarrollo econ\u00f3mico local.<\/p>\n","protected":false},"excerpt":{"rendered":"<p>Por: Staff | #NuevoLaredo #Laredo #NLD #Tamaulipas El Gobierno de Nuevo Laredo, a trav\u00e9s de la Secretar\u00eda de Desarrollo Econ\u00f3mico, en coordinaci\u00f3n con el Instituto Municipal de la Juventud (IMJUVE) Nuevo Laredo y la Universidad Tecmilenio, invita a emprendedores y personas con ideas de negocio a participar en el Curso Gratuito de Emprendimiento. El taller, &hellip;<\/p>\n","protected":false},"author":1,"featured_media":14167,"comment_status":"open","ping_status":"open","sticky":false,"template":"","format":"standard","meta":{"footnotes":""},"categories":[38],"tags":[],"class_list":["post-14166","post","type-post","status-publish","format-standard","has-post-thumbnail","","category-nuevo-laredo"],"_links":{"self":[{"href":"https:\/\/www.radiointeractivo.com.mx\/index.php?rest_route=\/wp\/v2\/posts\/14166","targetHints":{"allow":["GET"]}}],"collection":[{"href":"https:\/\/www.radiointeractivo.com.mx\/index.php?rest_route=\/wp\/v2\/posts"}],"about":[{"href":"https:\/\/www.radiointeractivo.com.mx\/index.php?rest_route=\/wp\/v2\/types\/post"}],"author":[{"embeddable":true,"href":"https:\/\/www.radiointeractivo.com.mx\/index.php?rest_route=\/wp\/v2\/users\/1"}],"replies":[{"embeddable":true,"href":"https:\/\/www.radiointeractivo.com.mx\/index.php?rest_route=%2Fwp%2Fv2%2Fcomments&post=14166"}],"version-history":[{"count":1,"href":"https:\/\/www.radiointeractivo.com.mx\/index.php?rest_route=\/wp\/v2\/posts\/14166\/revisions"}],"predecessor-version":[{"id":14168,"href":"https:\/\/www.radiointeractivo.com.mx\/index.php?rest_route=\/wp\/v2\/posts\/14166\/revisions\/14168"}],"wp:featuredmedia":[{"embeddable":true,"href":"https:\/\/www.radiointeractivo.com.mx\/index.php?rest_route=\/wp\/v2\/media\/14167"}],"wp:attachment":[{"href":"https:\/\/www.radiointeractivo.com.mx\/index.php?rest_route=%2Fwp%2Fv2%2Fmedia&parent=14166"}],"wp:term":[{"taxonomy":"category","embeddable":true,"href":"https:\/\/www.radiointeractivo.com.mx\/index.php?rest_route=%2Fwp%2Fv2%2Fcategories&post=14166"},{"taxonomy":"post_tag","embeddable":true,"href":"https:\/\/www.radiointeractivo.com.mx\/index.php?rest_route=%2Fwp%2Fv2%2Ftags&post=14166"}],"curies":[{"name":"wp","href":"https:\/\/api.w.org\/{rel}","templated":true}]}}