{"id":14135,"date":"2025-02-17T15:06:18","date_gmt":"2025-02-17T21:06:18","guid":{"rendered":"https:\/\/www.radiointeractivo.com.mx\/?p=14135"},"modified":"2025-02-17T15:06:20","modified_gmt":"2025-02-17T21:06:20","slug":"disfrutan-jovenes-de-nuevo-laredo-de-festival-urbano-impulsado-por-imjuve","status":"publish","type":"post","link":"https:\/\/www.radiointeractivo.com.mx\/?p=14135","title":{"rendered":"DISFRUTAN J\u00d3VENES DE NUEVO LAREDO DE FESTIVAL URBANO IMPULSADO POR IMJUVE"},"content":{"rendered":"\n<figure class=\"wp-block-image size-large\"><img loading=\"lazy\" decoding=\"async\" width=\"1024\" height=\"684\" src=\"https:\/\/www.radiointeractivo.com.mx\/wp-content\/uploads\/2025\/02\/WhatsApp-Image-2025-02-17-at-3.03.16-PM-1024x684.jpeg\" alt=\"\" class=\"wp-image-14136\" srcset=\"https:\/\/www.radiointeractivo.com.mx\/wp-content\/uploads\/2025\/02\/WhatsApp-Image-2025-02-17-at-3.03.16-PM-1024x684.jpeg 1024w, https:\/\/www.radiointeractivo.com.mx\/wp-content\/uploads\/2025\/02\/WhatsApp-Image-2025-02-17-at-3.03.16-PM-300x200.jpeg 300w, https:\/\/www.radiointeractivo.com.mx\/wp-content\/uploads\/2025\/02\/WhatsApp-Image-2025-02-17-at-3.03.16-PM-768x513.jpeg 768w, https:\/\/www.radiointeractivo.com.mx\/wp-content\/uploads\/2025\/02\/WhatsApp-Image-2025-02-17-at-3.03.16-PM-1536x1026.jpeg 1536w, https:\/\/www.radiointeractivo.com.mx\/wp-content\/uploads\/2025\/02\/WhatsApp-Image-2025-02-17-at-3.03.16-PM.jpeg 1600w\" sizes=\"auto, (max-width: 1024px) 100vw, 1024px\" \/><\/figure>\n\n\n\n<p>Por: Staff | #NuevoLaredo #Laredo #NLD #Tamaulipas<\/p>\n\n\n\n<p>Decenas de j\u00f3venes disfrutaron este fin de semana del \u201cUrban Fest\u201d organizado por el Instituto Municipal de la Juventud de Nuevo Laredo (IMJUVE). Expositores y bazaristas participaron en este evento urbano que permiti\u00f3 la convivencia familiar en el Parque Silao, ubicado en la colonia Las Torres.<\/p>\n\n\n\n<p>El regidor Enrique Figueroa, presidente de la Comisi\u00f3n de J\u00f3venes, y Jes\u00fas Espinoza, director del IMJUVE, estuvieron presentes en este evento que reuni\u00f3 a diferentes expresiones de la cultura urbana, incluyendo la exposici\u00f3n de veh\u00edculos Lowrider, la venta de art\u00edculos y otras actividades recreativas.<\/p>\n\n\n\n<p>Los asistentes tambi\u00e9n pudieron disfrutar de presentaciones de baile urbano, K-Pop, Graffiti y Freestyle, promoviendo la integraci\u00f3n juvenil y el desarrollo de espacios de expresi\u00f3n art\u00edstica en la comunidad.<\/p>\n","protected":false},"excerpt":{"rendered":"<p>Por: Staff | #NuevoLaredo #Laredo #NLD #Tamaulipas Decenas de j\u00f3venes disfrutaron este fin de semana del \u201cUrban Fest\u201d organizado por el Instituto Municipal de la Juventud de Nuevo Laredo (IMJUVE). Expositores y bazaristas participaron en este evento urbano que permiti\u00f3 la convivencia familiar en el Parque Silao, ubicado en la colonia Las Torres. El regidor &hellip;<\/p>\n","protected":false},"author":1,"featured_media":14136,"comment_status":"open","ping_status":"open","sticky":false,"template":"","format":"standard","meta":{"footnotes":""},"categories":[38],"tags":[],"class_list":["post-14135","post","type-post","status-publish","format-standard","has-post-thumbnail","","category-nuevo-laredo"],"_links":{"self":[{"href":"https:\/\/www.radiointeractivo.com.mx\/index.php?rest_route=\/wp\/v2\/posts\/14135","targetHints":{"allow":["GET"]}}],"collection":[{"href":"https:\/\/www.radiointeractivo.com.mx\/index.php?rest_route=\/wp\/v2\/posts"}],"about":[{"href":"https:\/\/www.radiointeractivo.com.mx\/index.php?rest_route=\/wp\/v2\/types\/post"}],"author":[{"embeddable":true,"href":"https:\/\/www.radiointeractivo.com.mx\/index.php?rest_route=\/wp\/v2\/users\/1"}],"replies":[{"embeddable":true,"href":"https:\/\/www.radiointeractivo.com.mx\/index.php?rest_route=%2Fwp%2Fv2%2Fcomments&post=14135"}],"version-history":[{"count":1,"href":"https:\/\/www.radiointeractivo.com.mx\/index.php?rest_route=\/wp\/v2\/posts\/14135\/revisions"}],"predecessor-version":[{"id":14137,"href":"https:\/\/www.radiointeractivo.com.mx\/index.php?rest_route=\/wp\/v2\/posts\/14135\/revisions\/14137"}],"wp:featuredmedia":[{"embeddable":true,"href":"https:\/\/www.radiointeractivo.com.mx\/index.php?rest_route=\/wp\/v2\/media\/14136"}],"wp:attachment":[{"href":"https:\/\/www.radiointeractivo.com.mx\/index.php?rest_route=%2Fwp%2Fv2%2Fmedia&parent=14135"}],"wp:term":[{"taxonomy":"category","embeddable":true,"href":"https:\/\/www.radiointeractivo.com.mx\/index.php?rest_route=%2Fwp%2Fv2%2Fcategories&post=14135"},{"taxonomy":"post_tag","embeddable":true,"href":"https:\/\/www.radiointeractivo.com.mx\/index.php?rest_route=%2Fwp%2Fv2%2Ftags&post=14135"}],"curies":[{"name":"wp","href":"https:\/\/api.w.org\/{rel}","templated":true}]}}