{"id":14132,"date":"2025-02-17T14:56:20","date_gmt":"2025-02-17T20:56:20","guid":{"rendered":"https:\/\/www.radiointeractivo.com.mx\/?p=14132"},"modified":"2025-02-17T14:56:22","modified_gmt":"2025-02-17T20:56:22","slug":"fgr-desmiente-cancelacion-de-ficha-roja-contra-cabeza-de-vaca","status":"publish","type":"post","link":"https:\/\/www.radiointeractivo.com.mx\/?p=14132","title":{"rendered":"FGR desmiente cancelaci\u00f3n de ficha roja contra Cabeza de Vaca"},"content":{"rendered":"\n<figure class=\"wp-block-image size-large\"><img loading=\"lazy\" decoding=\"async\" width=\"1024\" height=\"640\" src=\"https:\/\/www.radiointeractivo.com.mx\/wp-content\/uploads\/2025\/02\/cabeza-de-vaca-interpol-fgr-17022025-1024x640.jpeg\" alt=\"\" class=\"wp-image-14133\" srcset=\"https:\/\/www.radiointeractivo.com.mx\/wp-content\/uploads\/2025\/02\/cabeza-de-vaca-interpol-fgr-17022025-1024x640.jpeg 1024w, https:\/\/www.radiointeractivo.com.mx\/wp-content\/uploads\/2025\/02\/cabeza-de-vaca-interpol-fgr-17022025-300x188.jpeg 300w, https:\/\/www.radiointeractivo.com.mx\/wp-content\/uploads\/2025\/02\/cabeza-de-vaca-interpol-fgr-17022025-768x480.jpeg 768w, https:\/\/www.radiointeractivo.com.mx\/wp-content\/uploads\/2025\/02\/cabeza-de-vaca-interpol-fgr-17022025.jpeg 1200w\" sizes=\"auto, (max-width: 1024px) 100vw, 1024px\" \/><\/figure>\n\n\n\n<p>Comunicado FGR<\/p>\n\n\n\n<p>Es falso que la Interpol Internacional, con sede en Francia, haya determinado cancelar la notificaci\u00f3n o ficha roja que exist\u00eda en contra de Francisco Javier &#8220;G&#8221;, por ser infundados los cargos que le ha estado fincando la Fiscal\u00eda General de la Rep\u00fablica.<\/p>\n\n\n\n<p>Lo que ese organismo policial notific\u00f3 a M\u00e9xico, es que ante un amparo que le fue concedido a esta persona, el cual fue impugnado por la FGR y a\u00fan no se resuelve en definitiva, quedaba suspendida de momento la notificaci\u00f3n o ficha roja.<\/p>\n\n\n\n<p>Ello es con base en un criterio general de ese organismo internacional de suspender ese tipo de notificaciones cuando el caso lleva m\u00e1s de seis meses en determinado estatus. Lo cual puede variar en funci\u00f3n del resultado de los recursos que est\u00e9n en curso.<\/p>\n\n\n\n<p>El exgobernador ha sido acusado por delincuencia organizada y operaciones con recursos de procedencia il\u00edcita en dos ocasiones, por hechos distintos. En ambos casos jueces de amparo con sede en Tamaulipas han dictado resoluciones -no definitivas- con el \u00e1nimo de favorecerle.<\/p>\n\n\n\n<p>En uno de esos casos le concedieron un amparo que actualmente est\u00e1 en revisi\u00f3n, y en el otro, le otorgaron una suspensi\u00f3n para que no se cumpla la orden de aprehensi\u00f3n, que igualmente se encuentra en impugnaci\u00f3n. Ambas decisiones judiciales son totalmente irregulares, y por ello han sido impugnadas.<\/p>\n\n\n\n<p>La Fiscal\u00eda General de la Rep\u00fablica estar\u00e1 integrando investigaciones en contra de quienes emitieron ese tipo de decisiones judiciales y proceder\u00e1 en ejercicio de sus funciones como legalmente corresponda.<\/p>\n\n\n\n<p>Finalmente, se reitera que la Interpol no ha establecido que la notificaci\u00f3n o ficha roja se eliminara por improcedencia de las acciones legales emprendidas por la Fiscal\u00eda General de la Rep\u00fablica en contra de la persona referida.<\/p>\n","protected":false},"excerpt":{"rendered":"<p>Comunicado FGR Es falso que la Interpol Internacional, con sede en Francia, haya determinado cancelar la notificaci\u00f3n o ficha roja que exist\u00eda en contra de Francisco Javier &#8220;G&#8221;, por ser infundados los cargos que le ha estado fincando la Fiscal\u00eda General de la Rep\u00fablica. Lo que ese organismo policial notific\u00f3 a M\u00e9xico, es que ante &hellip;<\/p>\n","protected":false},"author":1,"featured_media":14133,"comment_status":"open","ping_status":"open","sticky":false,"template":"","format":"standard","meta":{"footnotes":""},"categories":[39],"tags":[],"class_list":["post-14132","post","type-post","status-publish","format-standard","has-post-thumbnail","","category-tamaulipas"],"_links":{"self":[{"href":"https:\/\/www.radiointeractivo.com.mx\/index.php?rest_route=\/wp\/v2\/posts\/14132","targetHints":{"allow":["GET"]}}],"collection":[{"href":"https:\/\/www.radiointeractivo.com.mx\/index.php?rest_route=\/wp\/v2\/posts"}],"about":[{"href":"https:\/\/www.radiointeractivo.com.mx\/index.php?rest_route=\/wp\/v2\/types\/post"}],"author":[{"embeddable":true,"href":"https:\/\/www.radiointeractivo.com.mx\/index.php?rest_route=\/wp\/v2\/users\/1"}],"replies":[{"embeddable":true,"href":"https:\/\/www.radiointeractivo.com.mx\/index.php?rest_route=%2Fwp%2Fv2%2Fcomments&post=14132"}],"version-history":[{"count":1,"href":"https:\/\/www.radiointeractivo.com.mx\/index.php?rest_route=\/wp\/v2\/posts\/14132\/revisions"}],"predecessor-version":[{"id":14134,"href":"https:\/\/www.radiointeractivo.com.mx\/index.php?rest_route=\/wp\/v2\/posts\/14132\/revisions\/14134"}],"wp:featuredmedia":[{"embeddable":true,"href":"https:\/\/www.radiointeractivo.com.mx\/index.php?rest_route=\/wp\/v2\/media\/14133"}],"wp:attachment":[{"href":"https:\/\/www.radiointeractivo.com.mx\/index.php?rest_route=%2Fwp%2Fv2%2Fmedia&parent=14132"}],"wp:term":[{"taxonomy":"category","embeddable":true,"href":"https:\/\/www.radiointeractivo.com.mx\/index.php?rest_route=%2Fwp%2Fv2%2Fcategories&post=14132"},{"taxonomy":"post_tag","embeddable":true,"href":"https:\/\/www.radiointeractivo.com.mx\/index.php?rest_route=%2Fwp%2Fv2%2Ftags&post=14132"}],"curies":[{"name":"wp","href":"https:\/\/api.w.org\/{rel}","templated":true}]}}