{"id":14103,"date":"2025-02-15T16:04:08","date_gmt":"2025-02-15T22:04:08","guid":{"rendered":"https:\/\/www.radiointeractivo.com.mx\/?p=14103"},"modified":"2025-02-15T16:04:44","modified_gmt":"2025-02-15T22:04:44","slug":"participan-estudiantes-de-la-normal-urbana-cuauhtemoc-en-programa-de-movilidad-internacional-en-inglaterra","status":"publish","type":"post","link":"https:\/\/www.radiointeractivo.com.mx\/?p=14103","title":{"rendered":"Participan estudiantes de la Normal Urbana \u201cCuauht\u00e9moc\u201d en programa de movilidad internacional en Inglaterra"},"content":{"rendered":"\n<figure class=\"wp-block-image size-large\"><img loading=\"lazy\" decoding=\"async\" width=\"1024\" height=\"652\" src=\"https:\/\/www.radiointeractivo.com.mx\/wp-content\/uploads\/2025\/02\/WhatsApp-Image-2025-02-15-at-1.34.39-PM-1024x652.jpeg\" alt=\"\" class=\"wp-image-14104\" srcset=\"https:\/\/www.radiointeractivo.com.mx\/wp-content\/uploads\/2025\/02\/WhatsApp-Image-2025-02-15-at-1.34.39-PM-1024x652.jpeg 1024w, https:\/\/www.radiointeractivo.com.mx\/wp-content\/uploads\/2025\/02\/WhatsApp-Image-2025-02-15-at-1.34.39-PM-300x191.jpeg 300w, https:\/\/www.radiointeractivo.com.mx\/wp-content\/uploads\/2025\/02\/WhatsApp-Image-2025-02-15-at-1.34.39-PM-768x489.jpeg 768w, https:\/\/www.radiointeractivo.com.mx\/wp-content\/uploads\/2025\/02\/WhatsApp-Image-2025-02-15-at-1.34.39-PM.jpeg 1040w\" sizes=\"auto, (max-width: 1024px) 100vw, 1024px\" \/><\/figure>\n\n\n\n<p>-Mediante el programa Rising Stars, alumnas y alumnos de la Normal viven una experiencia que mejora sus habilidades acad\u00e9micas<\/p>\n\n\n\n<p>Por: Agencias<\/p>\n\n\n\n<p>Nuevo Laredo, Tamaulipas.\u2013 Con la finalidad de enriquecer su formaci\u00f3n acad\u00e9mica, estudiantes de la Escuela Normal Urbana &#8220;Cuauht\u00e9moc&#8221; de Nuevo Laredo, participan en programa de movilidad internacional, realizando una estancia de varios d\u00edas en la ciudad de Oxford, en Inglaterra, a trav\u00e9s del prestigioso programa Rising Stars.<\/p>\n\n\n\n<p>La directora de la Normal, Rosa Amelia Elizondo Cant\u00fa, explic\u00f3 que la instituci\u00f3n seleccion\u00f3 a cinco estudiantes destacados por su potencial acad\u00e9mico y liderazgo, as\u00ed como a un docente formador de ingl\u00e9s para vivir esta experiencia, que mejorar\u00e1 las habilidades acad\u00e9micas de las y los estudiantes tamaulipecos.<\/p>\n\n\n\n<p>Dijo que las alumnas y alumnos aprender\u00e1n sobre una variedad de disciplinas, con enfoque en la investigaci\u00f3n y el pensamiento cr\u00edtico, estudiar\u00e1n en un entorno de excelencia acad\u00e9mica y participar\u00e1n en actividades que fomenten su crecimiento intelectual y adquirir\u00e1n conocimientos de la lengua inglesa de una manera natural y autentica.<\/p>\n\n\n\n<p>Inform\u00f3 que las y los participantes en la estancia de movilidad son: Sandra Guadalupe S\u00e1nchez Acosta y Coral Gabriela Mendoza Gaucin, estudiantes del cuarto y sexto semestre de la Licenciatura en Educaci\u00f3n Preescolar, respectivamente.<\/p>\n\n\n\n<p>Adem\u00e1s de Marina Itzel Alba Garc\u00eda, Jos\u00e9 Gael Veliz Castillo y Aurelio Alejandro Romo Plancarte, estudiantes de sexto y octavo semestre de la Licenciatura en Educaci\u00f3n Primaria.<\/p>\n\n\n\n<p>El profesor Jorge Ernesto Name R\u00edos, responsable de Movilidad Acad\u00e9mica de la Escuela Normal, acompa\u00f1a al grupo en su estancia la cual comenz\u00f3 el 9 de febrero con una duraci\u00f3n de 10 d\u00edas.<\/p>\n\n\n\n<p>\u201cAh\u00ed podr\u00e1n desarrollar sus habilidades acad\u00e9micas y profesionales en un entorno internacional y adquirir nuevas experiencias fortaleciendo el aprendizaje del idioma ingl\u00e9s, sabedores que esta oportunidad de formaci\u00f3n es una muestra del esfuerzo y la dedicaci\u00f3n que han puesto ellos y sus maestros de la Escuela Normal Urbana Cuauht\u00e9moc, adem\u00e1s del apoyo de autoridades educativas estatales y federales\u201d, puntualiz\u00f3 Elizondo Cant\u00fa.<\/p>\n\n\n\n<p>Record\u00f3 la premisa del gobernador Am\u00e9rico Villarreal Anaya, que la educaci\u00f3n es la mejor herramienta para transformar el futuro de los pr\u00f3ximos profesionistas, raz\u00f3n por la cual desde el Gobierno del Estado, mediante la Secretar\u00eda de Educaci\u00f3n de Tamaulipas, se les brinda las mejores oportunidades para su desarrollo.<\/p>\n","protected":false},"excerpt":{"rendered":"<p>-Mediante el programa Rising Stars, alumnas y alumnos de la Normal viven una experiencia que mejora sus habilidades acad\u00e9micas Por: Agencias Nuevo Laredo, Tamaulipas.\u2013 Con la finalidad de enriquecer su formaci\u00f3n acad\u00e9mica, estudiantes de la Escuela Normal Urbana &#8220;Cuauht\u00e9moc&#8221; de Nuevo Laredo, participan en programa de movilidad internacional, realizando una estancia de varios d\u00edas en &hellip;<\/p>\n","protected":false},"author":1,"featured_media":14104,"comment_status":"open","ping_status":"open","sticky":false,"template":"","format":"standard","meta":{"footnotes":""},"categories":[38,39],"tags":[],"class_list":["post-14103","post","type-post","status-publish","format-standard","has-post-thumbnail","","category-nuevo-laredo","category-tamaulipas"],"_links":{"self":[{"href":"https:\/\/www.radiointeractivo.com.mx\/index.php?rest_route=\/wp\/v2\/posts\/14103","targetHints":{"allow":["GET"]}}],"collection":[{"href":"https:\/\/www.radiointeractivo.com.mx\/index.php?rest_route=\/wp\/v2\/posts"}],"about":[{"href":"https:\/\/www.radiointeractivo.com.mx\/index.php?rest_route=\/wp\/v2\/types\/post"}],"author":[{"embeddable":true,"href":"https:\/\/www.radiointeractivo.com.mx\/index.php?rest_route=\/wp\/v2\/users\/1"}],"replies":[{"embeddable":true,"href":"https:\/\/www.radiointeractivo.com.mx\/index.php?rest_route=%2Fwp%2Fv2%2Fcomments&post=14103"}],"version-history":[{"count":1,"href":"https:\/\/www.radiointeractivo.com.mx\/index.php?rest_route=\/wp\/v2\/posts\/14103\/revisions"}],"predecessor-version":[{"id":14105,"href":"https:\/\/www.radiointeractivo.com.mx\/index.php?rest_route=\/wp\/v2\/posts\/14103\/revisions\/14105"}],"wp:featuredmedia":[{"embeddable":true,"href":"https:\/\/www.radiointeractivo.com.mx\/index.php?rest_route=\/wp\/v2\/media\/14104"}],"wp:attachment":[{"href":"https:\/\/www.radiointeractivo.com.mx\/index.php?rest_route=%2Fwp%2Fv2%2Fmedia&parent=14103"}],"wp:term":[{"taxonomy":"category","embeddable":true,"href":"https:\/\/www.radiointeractivo.com.mx\/index.php?rest_route=%2Fwp%2Fv2%2Fcategories&post=14103"},{"taxonomy":"post_tag","embeddable":true,"href":"https:\/\/www.radiointeractivo.com.mx\/index.php?rest_route=%2Fwp%2Fv2%2Ftags&post=14103"}],"curies":[{"name":"wp","href":"https:\/\/api.w.org\/{rel}","templated":true}]}}