{"id":14097,"date":"2025-02-15T15:59:55","date_gmt":"2025-02-15T21:59:55","guid":{"rendered":"https:\/\/www.radiointeractivo.com.mx\/?p=14097"},"modified":"2025-02-15T15:59:56","modified_gmt":"2025-02-15T21:59:56","slug":"plantea-asetur-cinco-estrategias-en-pro-del-turismo-benjamin-hernandez","status":"publish","type":"post","link":"https:\/\/www.radiointeractivo.com.mx\/?p=14097","title":{"rendered":"Plantea ASETUR cinco estrategias en pro del turismo: Benjam\u00edn Hern\u00e1ndez"},"content":{"rendered":"\n<figure class=\"wp-block-image size-large\"><img loading=\"lazy\" decoding=\"async\" width=\"1024\" height=\"682\" src=\"https:\/\/www.radiointeractivo.com.mx\/wp-content\/uploads\/2025\/02\/WhatsApp-Image-2025-02-14-at-12.51.52-PM-1024x682.jpeg\" alt=\"\" class=\"wp-image-14098\" srcset=\"https:\/\/www.radiointeractivo.com.mx\/wp-content\/uploads\/2025\/02\/WhatsApp-Image-2025-02-14-at-12.51.52-PM-1024x682.jpeg 1024w, https:\/\/www.radiointeractivo.com.mx\/wp-content\/uploads\/2025\/02\/WhatsApp-Image-2025-02-14-at-12.51.52-PM-300x200.jpeg 300w, https:\/\/www.radiointeractivo.com.mx\/wp-content\/uploads\/2025\/02\/WhatsApp-Image-2025-02-14-at-12.51.52-PM-768x512.jpeg 768w, https:\/\/www.radiointeractivo.com.mx\/wp-content\/uploads\/2025\/02\/WhatsApp-Image-2025-02-14-at-12.51.52-PM-1536x1023.jpeg 1536w, https:\/\/www.radiointeractivo.com.mx\/wp-content\/uploads\/2025\/02\/WhatsApp-Image-2025-02-14-at-12.51.52-PM-310x205.jpeg 310w, https:\/\/www.radiointeractivo.com.mx\/wp-content\/uploads\/2025\/02\/WhatsApp-Image-2025-02-14-at-12.51.52-PM.jpeg 1600w\" sizes=\"auto, (max-width: 1024px) 100vw, 1024px\" \/><\/figure>\n\n\n\n<p>-Acuerdan secretarias y secretarios del pa\u00eds impulsar competitividad, infraestructura, seguridad, sustentabilidad y promoci\u00f3n<\/p>\n\n\n\n<p>Por: Agencias<\/p>\n\n\n\n<p>Nuevo Vallarta, Nayarit.\u2013 A trav\u00e9s de la promoci\u00f3n tur\u00edstica, el fortalecimiento de la competitividad del sector, la conectividad e infraestructura, la seguridad, la protecci\u00f3n y la sustentabilidad ambiental, se busca impulsar el turismo, se\u00f1al\u00f3 Benjam\u00edn Hern\u00e1ndez Rodr\u00edguez, secretario de Turismo de Tamaulipas.<\/p>\n\n\n\n<p>Tras participar en la 59\u00aa Asamblea Ordinaria de la Uni\u00f3n de Secretarios de Turismo de M\u00e9xico (ASETUR), donde se eligi\u00f3 a Bernardo Cueto Riestra como presidente de ASETUR M\u00e9xico para el periodo 2025-2026, Hern\u00e1ndez Rodr\u00edguez destac\u00f3 la importancia de reforzar estas estrategias.<\/p>\n\n\n\n<p>\u201cImpulsar el turismo es fundamental para el desarrollo econ\u00f3mico, tal como lo se\u00f1ala el gobernador de Tamaulipas, Am\u00e9rico Villarreal Anaya, y en ello estamos trabajando\u201d, afirm\u00f3 durante su intervenci\u00f3n.<\/p>\n\n\n\n<p>El secretario de Turismo explic\u00f3 que, a trav\u00e9s de diversas estrategias como la promoci\u00f3n en puntos clave como el Aeropuerto Internacional Felipe \u00c1ngeles (AIFA), la organizaci\u00f3n de festivales y eventos deportivos \u2014como el marat\u00f3n\u2014, as\u00ed como la atracci\u00f3n de grandes congresos, se busca generar un mayor flujo de visitantes y una derrama econ\u00f3mica para el estado.<\/p>\n\n\n\n<p>Adem\u00e1s, resalt\u00f3 la presencia de Tamaulipas en ferias especializadas para fortalecer su posicionamiento.<\/p>\n\n\n\n<p>\u201cEstamos desarrollando productos que ofrezcan experiencias exclusivas o diferentes a las de otros destinos, como tours culturales, gastron\u00f3micos o de aventura, fomentando el turismo sostenible, que cada vez tiene m\u00e1s demanda, as\u00ed como el turismo social\u201d, se\u00f1al\u00f3.<\/p>\n\n\n\n<p>Finalmente, destac\u00f3 que los resultados ya son visibles con el incremento en el n\u00famero de turistas locales, nacionales y extranjeros.<\/p>\n\n\n\n<p>\u201cVamos por m\u00e1s. La misi\u00f3n es posicionar a Tamaulipas como un referente tur\u00edstico por su gran riqueza natural, infraestructura, servicios y la calidez de su gente\u201d, concluy\u00f3.<\/p>\n","protected":false},"excerpt":{"rendered":"<p>-Acuerdan secretarias y secretarios del pa\u00eds impulsar competitividad, infraestructura, seguridad, sustentabilidad y promoci\u00f3n Por: Agencias Nuevo Vallarta, Nayarit.\u2013 A trav\u00e9s de la promoci\u00f3n tur\u00edstica, el fortalecimiento de la competitividad del sector, la conectividad e infraestructura, la seguridad, la protecci\u00f3n y la sustentabilidad ambiental, se busca impulsar el turismo, se\u00f1al\u00f3 Benjam\u00edn Hern\u00e1ndez Rodr\u00edguez, secretario de Turismo &hellip;<\/p>\n","protected":false},"author":1,"featured_media":14098,"comment_status":"open","ping_status":"open","sticky":false,"template":"","format":"standard","meta":{"footnotes":""},"categories":[39],"tags":[],"class_list":["post-14097","post","type-post","status-publish","format-standard","has-post-thumbnail","","category-tamaulipas"],"_links":{"self":[{"href":"https:\/\/www.radiointeractivo.com.mx\/index.php?rest_route=\/wp\/v2\/posts\/14097","targetHints":{"allow":["GET"]}}],"collection":[{"href":"https:\/\/www.radiointeractivo.com.mx\/index.php?rest_route=\/wp\/v2\/posts"}],"about":[{"href":"https:\/\/www.radiointeractivo.com.mx\/index.php?rest_route=\/wp\/v2\/types\/post"}],"author":[{"embeddable":true,"href":"https:\/\/www.radiointeractivo.com.mx\/index.php?rest_route=\/wp\/v2\/users\/1"}],"replies":[{"embeddable":true,"href":"https:\/\/www.radiointeractivo.com.mx\/index.php?rest_route=%2Fwp%2Fv2%2Fcomments&post=14097"}],"version-history":[{"count":1,"href":"https:\/\/www.radiointeractivo.com.mx\/index.php?rest_route=\/wp\/v2\/posts\/14097\/revisions"}],"predecessor-version":[{"id":14099,"href":"https:\/\/www.radiointeractivo.com.mx\/index.php?rest_route=\/wp\/v2\/posts\/14097\/revisions\/14099"}],"wp:featuredmedia":[{"embeddable":true,"href":"https:\/\/www.radiointeractivo.com.mx\/index.php?rest_route=\/wp\/v2\/media\/14098"}],"wp:attachment":[{"href":"https:\/\/www.radiointeractivo.com.mx\/index.php?rest_route=%2Fwp%2Fv2%2Fmedia&parent=14097"}],"wp:term":[{"taxonomy":"category","embeddable":true,"href":"https:\/\/www.radiointeractivo.com.mx\/index.php?rest_route=%2Fwp%2Fv2%2Fcategories&post=14097"},{"taxonomy":"post_tag","embeddable":true,"href":"https:\/\/www.radiointeractivo.com.mx\/index.php?rest_route=%2Fwp%2Fv2%2Ftags&post=14097"}],"curies":[{"name":"wp","href":"https:\/\/api.w.org\/{rel}","templated":true}]}}