{"id":14066,"date":"2025-02-13T16:59:57","date_gmt":"2025-02-13T22:59:57","guid":{"rendered":"https:\/\/www.radiointeractivo.com.mx\/?p=14066"},"modified":"2025-02-13T16:59:58","modified_gmt":"2025-02-13T22:59:58","slug":"cuera-tamaulipeca-y-botas-incluidas-en-el-catalogo-nacional-de-artesanias-de-los-pueblos-magicos","status":"publish","type":"post","link":"https:\/\/www.radiointeractivo.com.mx\/?p=14066","title":{"rendered":"Cuera Tamaulipeca y botas, incluidas en el cat\u00e1logo nacional de artesan\u00edas de los Pueblos M\u00e1gicos"},"content":{"rendered":"\n<figure class=\"wp-block-image size-large\"><img loading=\"lazy\" decoding=\"async\" width=\"1024\" height=\"691\" src=\"https:\/\/www.radiointeractivo.com.mx\/wp-content\/uploads\/2025\/02\/WhatsApp-Image-2025-02-13-at-4.35.21-PM-2-1024x691.jpeg\" alt=\"\" class=\"wp-image-14067\" srcset=\"https:\/\/www.radiointeractivo.com.mx\/wp-content\/uploads\/2025\/02\/WhatsApp-Image-2025-02-13-at-4.35.21-PM-2-1024x691.jpeg 1024w, https:\/\/www.radiointeractivo.com.mx\/wp-content\/uploads\/2025\/02\/WhatsApp-Image-2025-02-13-at-4.35.21-PM-2-300x203.jpeg 300w, https:\/\/www.radiointeractivo.com.mx\/wp-content\/uploads\/2025\/02\/WhatsApp-Image-2025-02-13-at-4.35.21-PM-2-768x518.jpeg 768w, https:\/\/www.radiointeractivo.com.mx\/wp-content\/uploads\/2025\/02\/WhatsApp-Image-2025-02-13-at-4.35.21-PM-2-110x75.jpeg 110w, https:\/\/www.radiointeractivo.com.mx\/wp-content\/uploads\/2025\/02\/WhatsApp-Image-2025-02-13-at-4.35.21-PM-2.jpeg 1280w\" sizes=\"auto, (max-width: 1024px) 100vw, 1024px\" \/><\/figure>\n\n\n\n<p>Por: Agencias<\/p>\n\n\n\n<p>Ciudad Victoria, Tamaulipas.- La Cuera Tamaulipeca y las botas de pieles ex\u00f3ticas estilo vaquero, originarias de Tula y Mier, forman parte del cat\u00e1logo de artesan\u00edas de los Pueblos M\u00e1gicos de M\u00e9xico, elaborado por la Secretar\u00eda de Turismo federal.<\/p>\n\n\n\n<p>Benjam\u00edn Hern\u00e1ndez Rodr\u00edguez, secretario de Turismo en Tamaulipas, destac\u00f3 la importancia de este reconocimiento, que resalta la creatividad y el talento de las mujeres y hombres que elaboran artesan\u00edas en la entidad.<\/p>\n\n\n\n<p>\u201cUn hermoso ejemplar de algunas de las artesan\u00edas que tiene nuestro pa\u00eds, nuestros estados y nuestros Pueblos M\u00e1gicos de M\u00e9xico para el mundo\u201d, expres\u00f3 el titular de Turismo en Tamaulipas.<\/p>\n\n\n\n<p>La publicaci\u00f3n de la Secretar\u00eda de Turismo federal, encabezada por Josefina Rodr\u00edguez Zamora, consta de 169 p\u00e1ginas y presenta un amplio panorama de las artesan\u00edas mexicanas, detallando t\u00e9cnicas, medidas, costos aproximados y tiempos de entrega, entre otros aspectos.<\/p>\n\n\n\n<p>En el cat\u00e1logo aparecen diversas piezas, como danzantes tallados en madera, arte en bule, hamacas de ixtle, esculturas en barro, servilletas bordadas, keskemel de maya, mu\u00f1ecas Lele, bordados en punto de cruz, chaquira y mucho m\u00e1s.<\/p>\n\n\n\n<p>En lo que corresponde a Tamaulipas, los Pueblos M\u00e1gicos de Tula y Mier est\u00e1n representados por la Cuera Tamaulipeca, una obra artesanal elaborada con una t\u00e9cnica tradicional en gamuza, y las botas de piel ex\u00f3tica de v\u00edbora pit\u00f3n estilo vaquero de Don Cucos Boots, ambas confeccionadas de manera artesanal.<\/p>\n\n\n\n<p>Hern\u00e1ndez Rodr\u00edguez concluy\u00f3, &#8220;con estas artesan\u00edas, Tamaulipas Seguro Te Enamora&#8221;.<\/p>\n","protected":false},"excerpt":{"rendered":"<p>Por: Agencias Ciudad Victoria, Tamaulipas.- La Cuera Tamaulipeca y las botas de pieles ex\u00f3ticas estilo vaquero, originarias de Tula y Mier, forman parte del cat\u00e1logo de artesan\u00edas de los Pueblos M\u00e1gicos de M\u00e9xico, elaborado por la Secretar\u00eda de Turismo federal. Benjam\u00edn Hern\u00e1ndez Rodr\u00edguez, secretario de Turismo en Tamaulipas, destac\u00f3 la importancia de este reconocimiento, que &hellip;<\/p>\n","protected":false},"author":1,"featured_media":14068,"comment_status":"open","ping_status":"open","sticky":false,"template":"","format":"standard","meta":{"footnotes":""},"categories":[39],"tags":[],"class_list":["post-14066","post","type-post","status-publish","format-standard","has-post-thumbnail","","category-tamaulipas"],"_links":{"self":[{"href":"https:\/\/www.radiointeractivo.com.mx\/index.php?rest_route=\/wp\/v2\/posts\/14066","targetHints":{"allow":["GET"]}}],"collection":[{"href":"https:\/\/www.radiointeractivo.com.mx\/index.php?rest_route=\/wp\/v2\/posts"}],"about":[{"href":"https:\/\/www.radiointeractivo.com.mx\/index.php?rest_route=\/wp\/v2\/types\/post"}],"author":[{"embeddable":true,"href":"https:\/\/www.radiointeractivo.com.mx\/index.php?rest_route=\/wp\/v2\/users\/1"}],"replies":[{"embeddable":true,"href":"https:\/\/www.radiointeractivo.com.mx\/index.php?rest_route=%2Fwp%2Fv2%2Fcomments&post=14066"}],"version-history":[{"count":1,"href":"https:\/\/www.radiointeractivo.com.mx\/index.php?rest_route=\/wp\/v2\/posts\/14066\/revisions"}],"predecessor-version":[{"id":14069,"href":"https:\/\/www.radiointeractivo.com.mx\/index.php?rest_route=\/wp\/v2\/posts\/14066\/revisions\/14069"}],"wp:featuredmedia":[{"embeddable":true,"href":"https:\/\/www.radiointeractivo.com.mx\/index.php?rest_route=\/wp\/v2\/media\/14068"}],"wp:attachment":[{"href":"https:\/\/www.radiointeractivo.com.mx\/index.php?rest_route=%2Fwp%2Fv2%2Fmedia&parent=14066"}],"wp:term":[{"taxonomy":"category","embeddable":true,"href":"https:\/\/www.radiointeractivo.com.mx\/index.php?rest_route=%2Fwp%2Fv2%2Fcategories&post=14066"},{"taxonomy":"post_tag","embeddable":true,"href":"https:\/\/www.radiointeractivo.com.mx\/index.php?rest_route=%2Fwp%2Fv2%2Ftags&post=14066"}],"curies":[{"name":"wp","href":"https:\/\/api.w.org\/{rel}","templated":true}]}}