{"id":14063,"date":"2025-02-13T16:56:06","date_gmt":"2025-02-13T22:56:06","guid":{"rendered":"https:\/\/www.radiointeractivo.com.mx\/?p=14063"},"modified":"2025-02-13T16:56:07","modified_gmt":"2025-02-13T22:56:07","slug":"entrega-set-mobiliario-en-educacion-basica-e-inaugura-aulas-en-altamira","status":"publish","type":"post","link":"https:\/\/www.radiointeractivo.com.mx\/?p=14063","title":{"rendered":"Entrega SET mobiliario en educaci\u00f3n b\u00e1sica e inaugura aulas en Altamira"},"content":{"rendered":"\n<figure class=\"wp-block-image size-large\"><img loading=\"lazy\" decoding=\"async\" width=\"1024\" height=\"683\" src=\"https:\/\/www.radiointeractivo.com.mx\/wp-content\/uploads\/2025\/02\/WhatsApp-Image-2025-02-13-at-2.52.30-PM-1024x683.jpeg\" alt=\"\" class=\"wp-image-14064\" srcset=\"https:\/\/www.radiointeractivo.com.mx\/wp-content\/uploads\/2025\/02\/WhatsApp-Image-2025-02-13-at-2.52.30-PM-1024x683.jpeg 1024w, https:\/\/www.radiointeractivo.com.mx\/wp-content\/uploads\/2025\/02\/WhatsApp-Image-2025-02-13-at-2.52.30-PM-300x200.jpeg 300w, https:\/\/www.radiointeractivo.com.mx\/wp-content\/uploads\/2025\/02\/WhatsApp-Image-2025-02-13-at-2.52.30-PM-768x512.jpeg 768w, https:\/\/www.radiointeractivo.com.mx\/wp-content\/uploads\/2025\/02\/WhatsApp-Image-2025-02-13-at-2.52.30-PM-1536x1024.jpeg 1536w, https:\/\/www.radiointeractivo.com.mx\/wp-content\/uploads\/2025\/02\/WhatsApp-Image-2025-02-13-at-2.52.30-PM.jpeg 1600w\" sizes=\"auto, (max-width: 1024px) 100vw, 1024px\" \/><\/figure>\n\n\n\n<p>-La entrega de este mobiliario escolar forman parte de un gran paquete que beneficia directamente a 24 mil 343 estudiantes de educaci\u00f3n b\u00e1sica y 100 docentes en 30 municipios de Tamaulipas<\/p>\n\n\n\n<p>Por: Agencias<\/p>\n\n\n\n<p>Altamira, Tamaulipas.- Con el prop\u00f3sito de que las y los estudiantes tamaulipecos cuentan con las herramientas y condiciones \u00f3ptimas para recibir una educaci\u00f3n de calidad, el Gobierno del Estado, a trav\u00e9s de la Secretar\u00eda de Educaci\u00f3n de Tamaulipas entreg\u00f3 mediante su titular, Luc\u00eda Aim\u00e9 Castillo Pastor, mobiliario escolar e inaugur\u00f3 nuevas aulas en distintas escuelas de educaci\u00f3n b\u00e1sica en el municipio de Altamira.<\/p>\n\n\n\n<p>La Escuela Primaria \u201cAltamira\u201d y el Jard\u00edn de Ni\u00f1os \u201cLeona Vicario\u201d, fueron los planteles en donde se llev\u00f3 a cabo esta entrega simb\u00f3lica. Adem\u00e1s se inauguraron seis aulas donadas por la Fundaci\u00f3n \u201cEduardo Jos\u00e9 Vela Ruiz\u201d.<\/p>\n\n\n\n<p>La secretaria de Educaci\u00f3n mencion\u00f3 que desde finales del 2023 se han invertido 30 millones de pesos, adquiri\u00e9ndose m\u00e1s de 18 mil 200 mesabancos, as\u00ed como sillas y escritorios para maestros, sillas y mesas para educaci\u00f3n preescolar. Mientras que durante el 2024 mediante el ITIFE se invirtieron 27.3 millones de pesos, compr\u00e1ndose 16 mil 500 mesabancos los que se han estado distribuyendo a lo largo y ancho de Tamaulipas.<\/p>\n\n\n\n<p>\u201cHoy realizamos la entrega simb\u00f3lica de mobiliario por parte del Gobierno del Estado de Tamaulipas como parte de un esfuerzo que beneficia directamente a 24 mil 343<\/p>\n\n\n\n<p>estudiantes de educaci\u00f3n b\u00e1sica y 100 docentes en 30 municipios del estado lo cual es una muestra clara de la correcta administraci\u00f3n del erario p\u00fablico\u201d, enfatiz\u00f3.<\/p>\n\n\n\n<p>Destac\u00f3 tambi\u00e9n la participaci\u00f3n de la sociedad, como es el caso de la Fundaci\u00f3n \u201cEduardo Jos\u00e9 Vela Ruiz\u201d, por la donaci\u00f3n de estas seis aulas de gran impacto para las escuelas beneficiadas, dejando un legado perdurable, inspirando el cambio y construyendo un futuro mejor para todas y todos.<\/p>\n\n\n\n<p>\u201cGracias por ser ejemplo, porque el ejemplo arrastra. Estoy segura de que d\u00e9cadas despu\u00e9s habr\u00e1 alguien en este estrado contando c\u00f3mo es que m\u00e1s familias apoyaron a su comunidad y al compromiso de hacer de Tamaulipas un mejor lugar para vivir referenciando la historia que hoy celebramos\u201d, enfatiz\u00f3.<\/p>\n","protected":false},"excerpt":{"rendered":"<p>-La entrega de este mobiliario escolar forman parte de un gran paquete que beneficia directamente a 24 mil 343 estudiantes de educaci\u00f3n b\u00e1sica y 100 docentes en 30 municipios de Tamaulipas Por: Agencias Altamira, Tamaulipas.- Con el prop\u00f3sito de que las y los estudiantes tamaulipecos cuentan con las herramientas y condiciones \u00f3ptimas para recibir una &hellip;<\/p>\n","protected":false},"author":1,"featured_media":14064,"comment_status":"open","ping_status":"open","sticky":false,"template":"","format":"standard","meta":{"footnotes":""},"categories":[39],"tags":[],"class_list":["post-14063","post","type-post","status-publish","format-standard","has-post-thumbnail","","category-tamaulipas"],"_links":{"self":[{"href":"https:\/\/www.radiointeractivo.com.mx\/index.php?rest_route=\/wp\/v2\/posts\/14063","targetHints":{"allow":["GET"]}}],"collection":[{"href":"https:\/\/www.radiointeractivo.com.mx\/index.php?rest_route=\/wp\/v2\/posts"}],"about":[{"href":"https:\/\/www.radiointeractivo.com.mx\/index.php?rest_route=\/wp\/v2\/types\/post"}],"author":[{"embeddable":true,"href":"https:\/\/www.radiointeractivo.com.mx\/index.php?rest_route=\/wp\/v2\/users\/1"}],"replies":[{"embeddable":true,"href":"https:\/\/www.radiointeractivo.com.mx\/index.php?rest_route=%2Fwp%2Fv2%2Fcomments&post=14063"}],"version-history":[{"count":1,"href":"https:\/\/www.radiointeractivo.com.mx\/index.php?rest_route=\/wp\/v2\/posts\/14063\/revisions"}],"predecessor-version":[{"id":14065,"href":"https:\/\/www.radiointeractivo.com.mx\/index.php?rest_route=\/wp\/v2\/posts\/14063\/revisions\/14065"}],"wp:featuredmedia":[{"embeddable":true,"href":"https:\/\/www.radiointeractivo.com.mx\/index.php?rest_route=\/wp\/v2\/media\/14064"}],"wp:attachment":[{"href":"https:\/\/www.radiointeractivo.com.mx\/index.php?rest_route=%2Fwp%2Fv2%2Fmedia&parent=14063"}],"wp:term":[{"taxonomy":"category","embeddable":true,"href":"https:\/\/www.radiointeractivo.com.mx\/index.php?rest_route=%2Fwp%2Fv2%2Fcategories&post=14063"},{"taxonomy":"post_tag","embeddable":true,"href":"https:\/\/www.radiointeractivo.com.mx\/index.php?rest_route=%2Fwp%2Fv2%2Ftags&post=14063"}],"curies":[{"name":"wp","href":"https:\/\/api.w.org\/{rel}","templated":true}]}}