{"id":14051,"date":"2025-02-13T16:48:13","date_gmt":"2025-02-13T22:48:13","guid":{"rendered":"https:\/\/www.radiointeractivo.com.mx\/?p=14051"},"modified":"2025-02-13T16:48:14","modified_gmt":"2025-02-13T22:48:14","slug":"crece-proyecto-metropolitano-entre-tamaulipas-y-veracruz","status":"publish","type":"post","link":"https:\/\/www.radiointeractivo.com.mx\/?p=14051","title":{"rendered":"Crece proyecto metropolitano entre Tamaulipas y Veracruz"},"content":{"rendered":"\n<figure class=\"wp-block-image size-large\"><img loading=\"lazy\" decoding=\"async\" width=\"1024\" height=\"576\" src=\"https:\/\/www.radiointeractivo.com.mx\/wp-content\/uploads\/2025\/02\/WhatsApp-Image-2025-02-12-at-5.47.09-PM-1024x576.jpeg\" alt=\"\" class=\"wp-image-14052\" srcset=\"https:\/\/www.radiointeractivo.com.mx\/wp-content\/uploads\/2025\/02\/WhatsApp-Image-2025-02-12-at-5.47.09-PM-1024x576.jpeg 1024w, https:\/\/www.radiointeractivo.com.mx\/wp-content\/uploads\/2025\/02\/WhatsApp-Image-2025-02-12-at-5.47.09-PM-300x169.jpeg 300w, https:\/\/www.radiointeractivo.com.mx\/wp-content\/uploads\/2025\/02\/WhatsApp-Image-2025-02-12-at-5.47.09-PM-768x432.jpeg 768w, https:\/\/www.radiointeractivo.com.mx\/wp-content\/uploads\/2025\/02\/WhatsApp-Image-2025-02-12-at-5.47.09-PM-1536x864.jpeg 1536w, https:\/\/www.radiointeractivo.com.mx\/wp-content\/uploads\/2025\/02\/WhatsApp-Image-2025-02-12-at-5.47.09-PM.jpeg 1600w\" sizes=\"auto, (max-width: 1024px) 100vw, 1024px\" \/><\/figure>\n\n\n\n<p>-Se anunci\u00f3 la incorporaci\u00f3n de Aldama, Gonz\u00e1lez y Tampico Alto como miembros asociados<\/p>\n\n\n\n<p>Por: Agencias<\/p>\n\n\n\n<p>Ciudad Victoria, Tamaulipas.- Durante reuni\u00f3n de trabajo entre la Secretar\u00eda de Desarrollo Agrario, Territorial y Urbano (SEDATU), la Secretar\u00eda de Desarrollo Urbano y Medio Ambiente (SEDUMA) y el Consejo Consultivo de Desarrollo Metropolitano Interestatal, se anunci\u00f3 la incorporaci\u00f3n de los municipios de Aldama, Gonz\u00e1lez y Tampico Alto como miembros asociados. La decisi\u00f3n responde a la din\u00e1mica social y la creciente interacci\u00f3n comercial en la regi\u00f3n, conformada inicialmente por Tampico, Ciudad Madero y Altamira, en Tamaulipas, as\u00ed como P\u00e1nuco y Pueblo Viejo, en Veracruz.<\/p>\n\n\n\n<p>La titular de la SEDUMA, Karina Lizeth Sald\u00edvar Lartigue, explic\u00f3 que esta iniciativa permitir\u00e1 a los nuevos municipios participar en proyectos espec\u00edficos con beneficios directos para sus habitantes, como se contempla en el Programa Metropolitano Interestatal Tampico.<\/p>\n\n\n\n<p>&#8220;La integraci\u00f3n responde a la necesidad de fortalecer la coordinaci\u00f3n en temas estrat\u00e9gicos que impactan la calidad de vida de la poblaci\u00f3n, reforzando la hermandad entre Tamaulipas y Veracruz, atendiendo a las personas que diariamente tienen que movilizarse de un municipio a otro&#8221;, se\u00f1al\u00f3.<\/p>\n\n\n\n<p>El proyecto original de la Zona Metropolitana Interestatal abarca temas clave como salud, educaci\u00f3n, transporte, movilidad, desarrollo econ\u00f3mico, infraestructura vial, servicios p\u00fablicos, ecolog\u00eda y seguridad.<\/p>\n\n\n\n<p>Adem\u00e1s, se anunci\u00f3 la creaci\u00f3n de un Instituto Metropolitano Interestatal, que tendr\u00e1 la facultad de regular y coordinar los programas destinados a los ocho municipios involucrados.<\/p>\n\n\n\n<p>En la reuni\u00f3n estuvieron presentes el subsecretario de Desarrollo Urbano, Fernando Daniel P\u00e1ez Su\u00e1rez; el presidente y el secretario del Consejo Consultivo de Desarrollo Metropolitano, Edgardo Jonathan Su\u00e1rez Dom\u00ednguez y David Granados Ram\u00edrez respectivamente. Tambi\u00e9n participaron representantes de la Secretar\u00eda de Desarrollo Social (SEDESOL) del Estado de Veracruz y autoridades municipales. Todos coincidieron en la importancia de reforzar la cooperaci\u00f3n intermunicipal e interestatal para impulsar el desarrollo regional.<\/p>\n\n\n\n<p>Con esta expansi\u00f3n, la Zona Metropolitana Interestatal refuerza su papel como un motor de crecimiento para el sur Tamaulipas y el norte de Veracruz, consolidando una visi\u00f3n de desarrollo integral para la regi\u00f3n.<\/p>\n","protected":false},"excerpt":{"rendered":"<p>-Se anunci\u00f3 la incorporaci\u00f3n de Aldama, Gonz\u00e1lez y Tampico Alto como miembros asociados Por: Agencias Ciudad Victoria, Tamaulipas.- Durante reuni\u00f3n de trabajo entre la Secretar\u00eda de Desarrollo Agrario, Territorial y Urbano (SEDATU), la Secretar\u00eda de Desarrollo Urbano y Medio Ambiente (SEDUMA) y el Consejo Consultivo de Desarrollo Metropolitano Interestatal, se anunci\u00f3 la incorporaci\u00f3n de los &hellip;<\/p>\n","protected":false},"author":1,"featured_media":14052,"comment_status":"open","ping_status":"open","sticky":false,"template":"","format":"standard","meta":{"footnotes":""},"categories":[39],"tags":[],"class_list":["post-14051","post","type-post","status-publish","format-standard","has-post-thumbnail","","category-tamaulipas"],"_links":{"self":[{"href":"https:\/\/www.radiointeractivo.com.mx\/index.php?rest_route=\/wp\/v2\/posts\/14051","targetHints":{"allow":["GET"]}}],"collection":[{"href":"https:\/\/www.radiointeractivo.com.mx\/index.php?rest_route=\/wp\/v2\/posts"}],"about":[{"href":"https:\/\/www.radiointeractivo.com.mx\/index.php?rest_route=\/wp\/v2\/types\/post"}],"author":[{"embeddable":true,"href":"https:\/\/www.radiointeractivo.com.mx\/index.php?rest_route=\/wp\/v2\/users\/1"}],"replies":[{"embeddable":true,"href":"https:\/\/www.radiointeractivo.com.mx\/index.php?rest_route=%2Fwp%2Fv2%2Fcomments&post=14051"}],"version-history":[{"count":1,"href":"https:\/\/www.radiointeractivo.com.mx\/index.php?rest_route=\/wp\/v2\/posts\/14051\/revisions"}],"predecessor-version":[{"id":14053,"href":"https:\/\/www.radiointeractivo.com.mx\/index.php?rest_route=\/wp\/v2\/posts\/14051\/revisions\/14053"}],"wp:featuredmedia":[{"embeddable":true,"href":"https:\/\/www.radiointeractivo.com.mx\/index.php?rest_route=\/wp\/v2\/media\/14052"}],"wp:attachment":[{"href":"https:\/\/www.radiointeractivo.com.mx\/index.php?rest_route=%2Fwp%2Fv2%2Fmedia&parent=14051"}],"wp:term":[{"taxonomy":"category","embeddable":true,"href":"https:\/\/www.radiointeractivo.com.mx\/index.php?rest_route=%2Fwp%2Fv2%2Fcategories&post=14051"},{"taxonomy":"post_tag","embeddable":true,"href":"https:\/\/www.radiointeractivo.com.mx\/index.php?rest_route=%2Fwp%2Fv2%2Ftags&post=14051"}],"curies":[{"name":"wp","href":"https:\/\/api.w.org\/{rel}","templated":true}]}}