{"id":14024,"date":"2025-02-12T16:43:38","date_gmt":"2025-02-12T22:43:38","guid":{"rendered":"https:\/\/www.radiointeractivo.com.mx\/?p=14024"},"modified":"2025-02-12T16:43:39","modified_gmt":"2025-02-12T22:43:39","slug":"entrega-direccion-de-mediacion-15-certificados-a-barra-de-abogadas-en-tamaulipas","status":"publish","type":"post","link":"https:\/\/www.radiointeractivo.com.mx\/?p=14024","title":{"rendered":"Entrega Direcci\u00f3n de Mediaci\u00f3n 15 certificados a Barra de Abogadas en Tamaulipas"},"content":{"rendered":"\n<figure class=\"wp-block-image size-large\"><img loading=\"lazy\" decoding=\"async\" width=\"1024\" height=\"529\" src=\"https:\/\/www.radiointeractivo.com.mx\/wp-content\/uploads\/2025\/02\/WhatsApp-Image-2025-02-12-at-1.38.48-PM-1024x529.jpeg\" alt=\"\" class=\"wp-image-14025\" srcset=\"https:\/\/www.radiointeractivo.com.mx\/wp-content\/uploads\/2025\/02\/WhatsApp-Image-2025-02-12-at-1.38.48-PM-1024x529.jpeg 1024w, https:\/\/www.radiointeractivo.com.mx\/wp-content\/uploads\/2025\/02\/WhatsApp-Image-2025-02-12-at-1.38.48-PM-300x155.jpeg 300w, https:\/\/www.radiointeractivo.com.mx\/wp-content\/uploads\/2025\/02\/WhatsApp-Image-2025-02-12-at-1.38.48-PM-768x397.jpeg 768w, https:\/\/www.radiointeractivo.com.mx\/wp-content\/uploads\/2025\/02\/WhatsApp-Image-2025-02-12-at-1.38.48-PM.jpeg 1280w\" sizes=\"auto, (max-width: 1024px) 100vw, 1024px\" \/><\/figure>\n\n\n\n<p>Por: Agencias<\/p>\n\n\n\n<p>Ciudad Victoria, Tamaulipas. \u2013 En un evento que refuerza el compromiso con la transformaci\u00f3n y el fortalecimiento de la cultura de paz, se celebr\u00f3 la ceremonia de entrega de refrendos de certificaci\u00f3n como mediadoras a 15 integrantes de la Barra de Abogadas del Estado de Tamaulipas.<\/p>\n\n\n\n<p>La ceremonia cont\u00f3 con la participaci\u00f3n de L\u00e1zaro Jos\u00e9 Lara Balderas, director de Mediaci\u00f3n, de la Secretar\u00eda General de Gobierno, quien resalt\u00f3 la relevancia de este proceso para construir una sociedad m\u00e1s equitativa, justa y humanista.<\/p>\n\n\n\n<p>\u201cLa mediaci\u00f3n es un instrumento crucial para alcanzar acuerdos y resolver conflictos de manera pac\u00edfica, donde el di\u00e1logo y la empat\u00eda son esenciales para avanzar hacia una comunidad m\u00e1s armoniosa\u201d, coment\u00f3.<\/p>\n\n\n\n<p>Durante el acto, se destac\u00f3 la importancia de la mediaci\u00f3n en la creaci\u00f3n de acuerdos y en la resoluci\u00f3n pac\u00edfica de disputas. Lara Balderas subray\u00f3 que esta pr\u00e1ctica es clave para el desarrollo de una sociedad m\u00e1s justa y equilibrada.<\/p>\n\n\n\n<p>Asimismo, se hizo un reconocimiento a Yadira Judith Cepeda Sosa, presidenta de la Barra de Abogadas del Estado de Tamaulipas, por su liderazgo y dedicaci\u00f3n en la formaci\u00f3n de mediadoras certificadas. \u201cSu esfuerzo ha sido esencial para impulsar una cultura de paz en la comunidad jur\u00eddica, permitiendo a las mujeres abogadas desempe\u00f1ar un papel crucial en la resoluci\u00f3n pac\u00edfica de conflictos\u201d, expres\u00f3 el director de Mediaci\u00f3n.<\/p>\n\n\n\n<p>Cabe se\u00f1alar que los refrendos fueron emitidos en 2024, lo que reafirma el compromiso continuo de las mediadoras con la legalidad y el fortalecimiento del tejido social.<\/p>\n\n\n\n<p>Con esta certificaci\u00f3n, las abogadas refrendan su compromiso con la legalidad, el humanismo y el fortalecimiento del tejido social, contribuyendo al avance de Tamaulipas hacia un modelo m\u00e1s inclusivo y pac\u00edfico. Este acto resalta, adem\u00e1s, la importante labor del Gobernador Am\u00e9rico Villarreal Anaya en el fomento de un ambiente de paz y entendimiento entre las y los tamaulipecos.<\/p>\n","protected":false},"excerpt":{"rendered":"<p>Por: Agencias Ciudad Victoria, Tamaulipas. \u2013 En un evento que refuerza el compromiso con la transformaci\u00f3n y el fortalecimiento de la cultura de paz, se celebr\u00f3 la ceremonia de entrega de refrendos de certificaci\u00f3n como mediadoras a 15 integrantes de la Barra de Abogadas del Estado de Tamaulipas. La ceremonia cont\u00f3 con la participaci\u00f3n de &hellip;<\/p>\n","protected":false},"author":1,"featured_media":14025,"comment_status":"open","ping_status":"open","sticky":false,"template":"","format":"standard","meta":{"footnotes":""},"categories":[39],"tags":[],"class_list":["post-14024","post","type-post","status-publish","format-standard","has-post-thumbnail","","category-tamaulipas"],"_links":{"self":[{"href":"https:\/\/www.radiointeractivo.com.mx\/index.php?rest_route=\/wp\/v2\/posts\/14024","targetHints":{"allow":["GET"]}}],"collection":[{"href":"https:\/\/www.radiointeractivo.com.mx\/index.php?rest_route=\/wp\/v2\/posts"}],"about":[{"href":"https:\/\/www.radiointeractivo.com.mx\/index.php?rest_route=\/wp\/v2\/types\/post"}],"author":[{"embeddable":true,"href":"https:\/\/www.radiointeractivo.com.mx\/index.php?rest_route=\/wp\/v2\/users\/1"}],"replies":[{"embeddable":true,"href":"https:\/\/www.radiointeractivo.com.mx\/index.php?rest_route=%2Fwp%2Fv2%2Fcomments&post=14024"}],"version-history":[{"count":1,"href":"https:\/\/www.radiointeractivo.com.mx\/index.php?rest_route=\/wp\/v2\/posts\/14024\/revisions"}],"predecessor-version":[{"id":14026,"href":"https:\/\/www.radiointeractivo.com.mx\/index.php?rest_route=\/wp\/v2\/posts\/14024\/revisions\/14026"}],"wp:featuredmedia":[{"embeddable":true,"href":"https:\/\/www.radiointeractivo.com.mx\/index.php?rest_route=\/wp\/v2\/media\/14025"}],"wp:attachment":[{"href":"https:\/\/www.radiointeractivo.com.mx\/index.php?rest_route=%2Fwp%2Fv2%2Fmedia&parent=14024"}],"wp:term":[{"taxonomy":"category","embeddable":true,"href":"https:\/\/www.radiointeractivo.com.mx\/index.php?rest_route=%2Fwp%2Fv2%2Fcategories&post=14024"},{"taxonomy":"post_tag","embeddable":true,"href":"https:\/\/www.radiointeractivo.com.mx\/index.php?rest_route=%2Fwp%2Fv2%2Ftags&post=14024"}],"curies":[{"name":"wp","href":"https:\/\/api.w.org\/{rel}","templated":true}]}}