{"id":14021,"date":"2025-02-12T16:41:40","date_gmt":"2025-02-12T22:41:40","guid":{"rendered":"https:\/\/www.radiointeractivo.com.mx\/?p=14021"},"modified":"2025-02-12T16:41:42","modified_gmt":"2025-02-12T22:41:42","slug":"invita-itea-a-primera-jornada-estatal-de-incorporacion-y-acreditacion-2025","status":"publish","type":"post","link":"https:\/\/www.radiointeractivo.com.mx\/?p=14021","title":{"rendered":"Invita ITEA a Primera Jornada Estatal de Incorporaci\u00f3n y Acreditaci\u00f3n 2025"},"content":{"rendered":"\n<figure class=\"wp-block-image size-full\"><img loading=\"lazy\" decoding=\"async\" width=\"788\" height=\"561\" src=\"https:\/\/www.radiointeractivo.com.mx\/wp-content\/uploads\/2025\/02\/WhatsApp-Image-2025-02-12-at-12.48.57-PM.jpeg\" alt=\"\" class=\"wp-image-14022\" srcset=\"https:\/\/www.radiointeractivo.com.mx\/wp-content\/uploads\/2025\/02\/WhatsApp-Image-2025-02-12-at-12.48.57-PM.jpeg 788w, https:\/\/www.radiointeractivo.com.mx\/wp-content\/uploads\/2025\/02\/WhatsApp-Image-2025-02-12-at-12.48.57-PM-300x214.jpeg 300w, https:\/\/www.radiointeractivo.com.mx\/wp-content\/uploads\/2025\/02\/WhatsApp-Image-2025-02-12-at-12.48.57-PM-768x547.jpeg 768w\" sizes=\"auto, (max-width: 788px) 100vw, 788px\" \/><\/figure>\n\n\n\n<p>-Las personas mayores de 15 a\u00f1os que no han concluido su educaci\u00f3n b\u00e1sica podr\u00e1n participar en la jornada del 18 al 23 de febrero en los c\u00edrculos de estudio, plazas comunitarias, sedes de aplicaci\u00f3n e instalaciones de las coordinaciones de zona<\/p>\n\n\n\n<p>Por: Agencias<\/p>\n\n\n\n<p>Ciudad Victoria, Tamaulipas.- Como parte de las iniciativas encaminadas a reducir el rezago educativo, el Instituto Tamaulipeco de Educaci\u00f3n para Adultos (ITEA) invita a las personas mayores de 15 a\u00f1os que no hayan finalizado su educaci\u00f3n primaria o secundaria a aprovechar la oportunidad de iniciar o continuar sus estudios de educaci\u00f3n b\u00e1sica.<\/p>\n\n\n\n<p>La directora del ITEA, Gloria Guadalupe Gonz\u00e1lez Gonz\u00e1lez, inform\u00f3 que las y los tamaulipecos podr\u00e1n participar en la Primera Jornada Estatal de Incorporaci\u00f3n y Acreditaci\u00f3n, que se llevar\u00e1 a cabo del 18 al 23 de febrero, a trav\u00e9s de las 19 coordinaciones de zona con las que cuenta el instituto en Tamaulipas.<\/p>\n\n\n\n<p>\u201cNuestro objetivo es incorporar a personas educandas y aplicar ex\u00e1menes que favorezcan la continuidad educativa y la conclusi\u00f3n de los niveles de alfabetizaci\u00f3n, primaria y secundaria. Adem\u00e1s, atenderemos a quienes ya estudian en el ITEA y necesitan presentar alg\u00fan m\u00f3dulo para certificar sus estudios\u201d, indic\u00f3.<\/p>\n\n\n\n<p>Explic\u00f3 que en los c\u00edrculos de estudio, plazas comunitarias, sedes de aplicaci\u00f3n e instalaciones de las coordinaciones de zona, habr\u00e1 personal operativo que aplicar\u00e1 ex\u00e1menes, ya sea en papel o en l\u00ednea, de acuerdo con las necesidades de cada persona. Esta jornada est\u00e1 dirigida tanto a educandos activos en los niveles de alfabetizaci\u00f3n, primaria y secundaria, como a beneficiarios en proceso educativo que tengan entre uno y tres m\u00f3dulos pendientes para concluir su nivel.<\/p>\n\n\n\n<p>\u201cSi la persona acredita el examen, recibir\u00e1 su constancia de alfabetizaci\u00f3n o su certificado de primaria o secundaria, seg\u00fan corresponda. Tambi\u00e9n podr\u00e1 reanudar sus estudios en el ITEA. Todo el proceso y la atenci\u00f3n son completamente gratuitos\u201d, enfatiz\u00f3 Gonz\u00e1lez Gonz\u00e1lez.<\/p>\n\n\n\n<p>Detall\u00f3 que los requisitos para participar en la jornada son: copia del acta de nacimiento o CURP, una fotograf\u00eda tama\u00f1o infantil con la frente despejada y fondo blanco. En caso de presentar examen para secundaria, se deber\u00e1 llevar copia del certificado de primaria y, de contar con ellas, las boletas de grados completos de secundaria.<\/p>\n\n\n\n<p>Indic\u00f3 que quienes deseen mayor informaci\u00f3n pueden acudir a la coordinaci\u00f3n de zona del ITEA en su municipio, comunicarse al tel\u00e9fono 800 710 6604 o enviar un mensaje v\u00eda WhatsApp al n\u00famero 834 106 8851.<\/p>\n\n\n\n<p>Finalmente, destac\u00f3 que estas acciones son posibles gracias al respaldo del gobernador Am\u00e9rico Villarreal Anaya, a trav\u00e9s de la Secretar\u00eda de Educaci\u00f3n de Tamaulipas, que bajo la conducci\u00f3n de Luc\u00eda Aim\u00e9 Castillo Pastor, impulsa una pol\u00edtica educativa incluyente e innovadora para transformar la educaci\u00f3n en Tamaulipas.<\/p>\n","protected":false},"excerpt":{"rendered":"<p>-Las personas mayores de 15 a\u00f1os que no han concluido su educaci\u00f3n b\u00e1sica podr\u00e1n participar en la jornada del 18 al 23 de febrero en los c\u00edrculos de estudio, plazas comunitarias, sedes de aplicaci\u00f3n e instalaciones de las coordinaciones de zona Por: Agencias Ciudad Victoria, Tamaulipas.- Como parte de las iniciativas encaminadas a reducir el &hellip;<\/p>\n","protected":false},"author":1,"featured_media":14022,"comment_status":"open","ping_status":"open","sticky":false,"template":"","format":"standard","meta":{"footnotes":""},"categories":[39],"tags":[],"class_list":["post-14021","post","type-post","status-publish","format-standard","has-post-thumbnail","","category-tamaulipas"],"_links":{"self":[{"href":"https:\/\/www.radiointeractivo.com.mx\/index.php?rest_route=\/wp\/v2\/posts\/14021","targetHints":{"allow":["GET"]}}],"collection":[{"href":"https:\/\/www.radiointeractivo.com.mx\/index.php?rest_route=\/wp\/v2\/posts"}],"about":[{"href":"https:\/\/www.radiointeractivo.com.mx\/index.php?rest_route=\/wp\/v2\/types\/post"}],"author":[{"embeddable":true,"href":"https:\/\/www.radiointeractivo.com.mx\/index.php?rest_route=\/wp\/v2\/users\/1"}],"replies":[{"embeddable":true,"href":"https:\/\/www.radiointeractivo.com.mx\/index.php?rest_route=%2Fwp%2Fv2%2Fcomments&post=14021"}],"version-history":[{"count":1,"href":"https:\/\/www.radiointeractivo.com.mx\/index.php?rest_route=\/wp\/v2\/posts\/14021\/revisions"}],"predecessor-version":[{"id":14023,"href":"https:\/\/www.radiointeractivo.com.mx\/index.php?rest_route=\/wp\/v2\/posts\/14021\/revisions\/14023"}],"wp:featuredmedia":[{"embeddable":true,"href":"https:\/\/www.radiointeractivo.com.mx\/index.php?rest_route=\/wp\/v2\/media\/14022"}],"wp:attachment":[{"href":"https:\/\/www.radiointeractivo.com.mx\/index.php?rest_route=%2Fwp%2Fv2%2Fmedia&parent=14021"}],"wp:term":[{"taxonomy":"category","embeddable":true,"href":"https:\/\/www.radiointeractivo.com.mx\/index.php?rest_route=%2Fwp%2Fv2%2Fcategories&post=14021"},{"taxonomy":"post_tag","embeddable":true,"href":"https:\/\/www.radiointeractivo.com.mx\/index.php?rest_route=%2Fwp%2Fv2%2Ftags&post=14021"}],"curies":[{"name":"wp","href":"https:\/\/api.w.org\/{rel}","templated":true}]}}