{"id":14018,"date":"2025-02-12T16:39:18","date_gmt":"2025-02-12T22:39:18","guid":{"rendered":"https:\/\/www.radiointeractivo.com.mx\/?p=14018"},"modified":"2025-02-12T16:39:20","modified_gmt":"2025-02-12T22:39:20","slug":"suman-esfuerzos-coltam-y-secretaria-de-economia-para-impulsar-el-desarrollo-economico","status":"publish","type":"post","link":"https:\/\/www.radiointeractivo.com.mx\/?p=14018","title":{"rendered":"Suman esfuerzos COLTAM y Secretar\u00eda de Econom\u00eda para impulsar el desarrollo econ\u00f3mico"},"content":{"rendered":"\n<figure class=\"wp-block-image size-large\"><img loading=\"lazy\" decoding=\"async\" width=\"1024\" height=\"767\" src=\"https:\/\/www.radiointeractivo.com.mx\/wp-content\/uploads\/2025\/02\/WhatsApp-Image-2025-02-12-at-12.46.08-PM-1024x767.jpeg\" alt=\"\" class=\"wp-image-14019\" srcset=\"https:\/\/www.radiointeractivo.com.mx\/wp-content\/uploads\/2025\/02\/WhatsApp-Image-2025-02-12-at-12.46.08-PM-1024x767.jpeg 1024w, https:\/\/www.radiointeractivo.com.mx\/wp-content\/uploads\/2025\/02\/WhatsApp-Image-2025-02-12-at-12.46.08-PM-300x225.jpeg 300w, https:\/\/www.radiointeractivo.com.mx\/wp-content\/uploads\/2025\/02\/WhatsApp-Image-2025-02-12-at-12.46.08-PM-768x576.jpeg 768w, https:\/\/www.radiointeractivo.com.mx\/wp-content\/uploads\/2025\/02\/WhatsApp-Image-2025-02-12-at-12.46.08-PM-1536x1151.jpeg 1536w, https:\/\/www.radiointeractivo.com.mx\/wp-content\/uploads\/2025\/02\/WhatsApp-Image-2025-02-12-at-12.46.08-PM.jpeg 1600w\" sizes=\"auto, (max-width: 1024px) 100vw, 1024px\" \/><\/figure>\n\n\n\n<p>Por: Agencias<\/p>\n\n\n\n<p>Ciudad Victoria, Tamaulipas.- El Colegio de Tamaulipas (COLTAM) y la Secretar\u00eda de Econom\u00eda del Gobierno del Estado, fortalecen su colaboraci\u00f3n para impulsar el desarrollo econ\u00f3mico en la entidad, a trav\u00e9s de estrategias de trabajo solidarias enfocadas en el bienestar social, como el emprendimiento juvenil y el apoyo a sectores productivos, consolidando una alianza estrat\u00e9gica abordando conjuntamente los avances y perspectivas de los Nodos de Impulso a la Econom\u00eda Social y Solidaria (NODESS).<\/p>\n\n\n\n<p>En el encuentro participaron, por parte de la Secretar\u00eda de Econom\u00eda, Mariana \u00c1lvarez Quero, subsecretaria de la Peque\u00f1a y Mediana Empresa, y Ernesto Guevara Garza, director de Econom\u00eda del Bienestar. En representaci\u00f3n del COLTAM, estuvieron su rector, Marco Moreno Castellanos, la coordinadora acad\u00e9mica, Mar\u00eda Magdalena Garc\u00eda, y personal de investigaci\u00f3n de la instituci\u00f3n.<\/p>\n\n\n\n<p>Durante la reuni\u00f3n, el personal de la Secretar\u00eda de Econom\u00eda present\u00f3 el modelo de trabajo que se desarrolla en diversas localidades para el impulso de los NODESS, los cuales representan una herramienta clave para construir una econom\u00eda m\u00e1s justa, inclusiva y sostenible, situando en el centro el bienestar de las familias tamaulipecas.<\/p>\n\n\n\n<p>\u00c1lvarez Quero explic\u00f3 que la intenci\u00f3n es socializar estas herramientas de manera accesible para que puedan implementarse y replicarse en los distintos contextos a los que se enfrentan las personas al desarrollar sus emprendimientos. \u201cDesde sus \u00e1mbitos, con estas estrategias podr\u00e1n participar y ayudarse unos a otros, y juntos disminuir la desigualdad\u201d, precis\u00f3.<\/p>\n\n\n\n<p>Por su parte, Marco Moreno Castellanos destac\u00f3 que el objetivo principal de esta alianza es que el COLTAM, en conjunto con la Secretar\u00eda de Econom\u00eda y la Subsecretar\u00eda de la Peque\u00f1a y Mediana Empresa, identifiquen \u00e1reas de oportunidad para implementar este modelo de desarrollo.<\/p>\n\n\n\n<p>\u201cBuscamos la manera de colaborar, ya sea a trav\u00e9s de estudios, generaci\u00f3n de informaci\u00f3n o como v\u00ednculo con otros actores, para contribuir en la formulaci\u00f3n de pol\u00edticas p\u00fablicas que favorezcan un mayor bienestar social\u201d, enfatiz\u00f3.<\/p>\n\n\n\n<p>Estos esfuerzos de colaboraci\u00f3n se alinean con la visi\u00f3n humanista de una econom\u00eda basada en el bienestar social, promovida por el gobernador Am\u00e9rico Villarreal Anaya, que a trav\u00e9s de la vinculaci\u00f3n con instituciones de educaci\u00f3n superior, y bajo el liderazgo de la secretaria de Educaci\u00f3n, Luc\u00eda Aim\u00e9 Castillo Pastor, se busca fortalecer la cooperaci\u00f3n para el desarrollo sostenible de Tamaulipas.<\/p>\n","protected":false},"excerpt":{"rendered":"<p>Por: Agencias Ciudad Victoria, Tamaulipas.- El Colegio de Tamaulipas (COLTAM) y la Secretar\u00eda de Econom\u00eda del Gobierno del Estado, fortalecen su colaboraci\u00f3n para impulsar el desarrollo econ\u00f3mico en la entidad, a trav\u00e9s de estrategias de trabajo solidarias enfocadas en el bienestar social, como el emprendimiento juvenil y el apoyo a sectores productivos, consolidando una alianza &hellip;<\/p>\n","protected":false},"author":1,"featured_media":14019,"comment_status":"open","ping_status":"open","sticky":false,"template":"","format":"standard","meta":{"footnotes":""},"categories":[39],"tags":[],"class_list":["post-14018","post","type-post","status-publish","format-standard","has-post-thumbnail","","category-tamaulipas"],"_links":{"self":[{"href":"https:\/\/www.radiointeractivo.com.mx\/index.php?rest_route=\/wp\/v2\/posts\/14018","targetHints":{"allow":["GET"]}}],"collection":[{"href":"https:\/\/www.radiointeractivo.com.mx\/index.php?rest_route=\/wp\/v2\/posts"}],"about":[{"href":"https:\/\/www.radiointeractivo.com.mx\/index.php?rest_route=\/wp\/v2\/types\/post"}],"author":[{"embeddable":true,"href":"https:\/\/www.radiointeractivo.com.mx\/index.php?rest_route=\/wp\/v2\/users\/1"}],"replies":[{"embeddable":true,"href":"https:\/\/www.radiointeractivo.com.mx\/index.php?rest_route=%2Fwp%2Fv2%2Fcomments&post=14018"}],"version-history":[{"count":1,"href":"https:\/\/www.radiointeractivo.com.mx\/index.php?rest_route=\/wp\/v2\/posts\/14018\/revisions"}],"predecessor-version":[{"id":14020,"href":"https:\/\/www.radiointeractivo.com.mx\/index.php?rest_route=\/wp\/v2\/posts\/14018\/revisions\/14020"}],"wp:featuredmedia":[{"embeddable":true,"href":"https:\/\/www.radiointeractivo.com.mx\/index.php?rest_route=\/wp\/v2\/media\/14019"}],"wp:attachment":[{"href":"https:\/\/www.radiointeractivo.com.mx\/index.php?rest_route=%2Fwp%2Fv2%2Fmedia&parent=14018"}],"wp:term":[{"taxonomy":"category","embeddable":true,"href":"https:\/\/www.radiointeractivo.com.mx\/index.php?rest_route=%2Fwp%2Fv2%2Fcategories&post=14018"},{"taxonomy":"post_tag","embeddable":true,"href":"https:\/\/www.radiointeractivo.com.mx\/index.php?rest_route=%2Fwp%2Fv2%2Ftags&post=14018"}],"curies":[{"name":"wp","href":"https:\/\/api.w.org\/{rel}","templated":true}]}}