{"id":1401,"date":"2023-09-04T11:15:22","date_gmt":"2023-09-04T16:15:22","guid":{"rendered":"https:\/\/www.radiointeractivo.com.mx\/?p=1401"},"modified":"2023-09-04T11:15:23","modified_gmt":"2023-09-04T16:15:23","slug":"participa-nataly-garcia-diaz-como-ponente-en-panel-conmemorativo","status":"publish","type":"post","link":"https:\/\/www.radiointeractivo.com.mx\/?p=1401","title":{"rendered":"PARTICIPA NATALY GARCIA DIAZ COMO PONENTE EN PANEL CONMEMORATIVO"},"content":{"rendered":"\n<p>Por: Staff<\/p>\n\n\n\n<p>Gustavo D\u00edaz Ordaz, Tam.- En el marco de la Firma de los Compromisos de la Igualdad y Bienestar de las Mujeres de Tamaulipas, la Alcaldesa Nataly Garc\u00eda D\u00edaz particip\u00f3 como ponente en el Panel Conmemorativo de Vida y Obra de Amalia Gonz\u00e1lez Caballero.<\/p>\n\n\n\n<p>La Alcaldesa, destac\u00f3 que fue luego de 54 a\u00f1os que lleg\u00f3 en su persona la primer mujer a servir al municipio m\u00e1s joven de Tamaulipas, creando por primera vez el Instituto Municipal de las Mujeres para darles atenci\u00f3n y un espacio con el que no contaban.<\/p>\n\n\n\n<p>Dijo sentir admiraci\u00f3n por Amalia Gonz\u00e1lez Caballero porque hizo el esfuerzo de estudiar y cultivarse y organizar a las mujeres e instituciones para avanzar en el tema de g\u00e9nero, con el anhelo de que ni\u00f1as y j\u00f3venes tengan otras condiciones sociales sin violencia, y tengan las mujeres mejores espacios.<\/p>\n\n\n\n<p>Agradecemos a las Secretarias de Estado que nos ayudan a los gobiernos municipales a implementar pol\u00edticas p\u00fablicas en beneficio de ni\u00f1as, ni\u00f1os y j\u00f3venes en D\u00edaz Ordaz y en Tamaulipas.<\/p>\n","protected":false},"excerpt":{"rendered":"<p>Por: Staff Gustavo D\u00edaz Ordaz, Tam.- En el marco de la Firma de los Compromisos de la Igualdad y Bienestar de las Mujeres de Tamaulipas, la Alcaldesa Nataly Garc\u00eda D\u00edaz particip\u00f3 como ponente en el Panel Conmemorativo de Vida y Obra de Amalia Gonz\u00e1lez Caballero. La Alcaldesa, destac\u00f3 que fue luego de 54 a\u00f1os que &hellip;<\/p>\n","protected":false},"author":1,"featured_media":1402,"comment_status":"open","ping_status":"open","sticky":false,"template":"","format":"standard","meta":{"footnotes":""},"categories":[39],"tags":[],"class_list":["post-1401","post","type-post","status-publish","format-standard","has-post-thumbnail","","category-tamaulipas"],"_links":{"self":[{"href":"https:\/\/www.radiointeractivo.com.mx\/index.php?rest_route=\/wp\/v2\/posts\/1401","targetHints":{"allow":["GET"]}}],"collection":[{"href":"https:\/\/www.radiointeractivo.com.mx\/index.php?rest_route=\/wp\/v2\/posts"}],"about":[{"href":"https:\/\/www.radiointeractivo.com.mx\/index.php?rest_route=\/wp\/v2\/types\/post"}],"author":[{"embeddable":true,"href":"https:\/\/www.radiointeractivo.com.mx\/index.php?rest_route=\/wp\/v2\/users\/1"}],"replies":[{"embeddable":true,"href":"https:\/\/www.radiointeractivo.com.mx\/index.php?rest_route=%2Fwp%2Fv2%2Fcomments&post=1401"}],"version-history":[{"count":1,"href":"https:\/\/www.radiointeractivo.com.mx\/index.php?rest_route=\/wp\/v2\/posts\/1401\/revisions"}],"predecessor-version":[{"id":1403,"href":"https:\/\/www.radiointeractivo.com.mx\/index.php?rest_route=\/wp\/v2\/posts\/1401\/revisions\/1403"}],"wp:featuredmedia":[{"embeddable":true,"href":"https:\/\/www.radiointeractivo.com.mx\/index.php?rest_route=\/wp\/v2\/media\/1402"}],"wp:attachment":[{"href":"https:\/\/www.radiointeractivo.com.mx\/index.php?rest_route=%2Fwp%2Fv2%2Fmedia&parent=1401"}],"wp:term":[{"taxonomy":"category","embeddable":true,"href":"https:\/\/www.radiointeractivo.com.mx\/index.php?rest_route=%2Fwp%2Fv2%2Fcategories&post=1401"},{"taxonomy":"post_tag","embeddable":true,"href":"https:\/\/www.radiointeractivo.com.mx\/index.php?rest_route=%2Fwp%2Fv2%2Ftags&post=1401"}],"curies":[{"name":"wp","href":"https:\/\/api.w.org\/{rel}","templated":true}]}}