{"id":13987,"date":"2025-02-11T17:56:46","date_gmt":"2025-02-11T23:56:46","guid":{"rendered":"https:\/\/www.radiointeractivo.com.mx\/?p=13987"},"modified":"2025-02-11T17:56:47","modified_gmt":"2025-02-11T23:56:47","slug":"guardia-estatal-de-genero-participa-en-evento-del-dia-internacional-del-internet-seguro","status":"publish","type":"post","link":"https:\/\/www.radiointeractivo.com.mx\/?p=13987","title":{"rendered":"Guardia Estatal de G\u00e9nero participa en evento del D\u00eda Internacional del Internet Seguro"},"content":{"rendered":"\n<figure class=\"wp-block-image size-large\"><img loading=\"lazy\" decoding=\"async\" width=\"1024\" height=\"768\" src=\"https:\/\/www.radiointeractivo.com.mx\/wp-content\/uploads\/2025\/02\/WhatsApp-Image-2025-02-11-at-5.43.30-PM-1024x768.jpeg\" alt=\"\" class=\"wp-image-13988\" srcset=\"https:\/\/www.radiointeractivo.com.mx\/wp-content\/uploads\/2025\/02\/WhatsApp-Image-2025-02-11-at-5.43.30-PM-1024x768.jpeg 1024w, https:\/\/www.radiointeractivo.com.mx\/wp-content\/uploads\/2025\/02\/WhatsApp-Image-2025-02-11-at-5.43.30-PM-300x225.jpeg 300w, https:\/\/www.radiointeractivo.com.mx\/wp-content\/uploads\/2025\/02\/WhatsApp-Image-2025-02-11-at-5.43.30-PM-768x576.jpeg 768w, https:\/\/www.radiointeractivo.com.mx\/wp-content\/uploads\/2025\/02\/WhatsApp-Image-2025-02-11-at-5.43.30-PM-1536x1152.jpeg 1536w, https:\/\/www.radiointeractivo.com.mx\/wp-content\/uploads\/2025\/02\/WhatsApp-Image-2025-02-11-at-5.43.30-PM.jpeg 1600w\" sizes=\"auto, (max-width: 1024px) 100vw, 1024px\" \/><\/figure>\n\n\n\n<p>Por: Agencias<\/p>\n\n\n\n<p>Altamira, Tamaulipas.- En el marco del D\u00eda Internacional del Internet Seguro, la Guardia Estatal de G\u00e9nero particip\u00f3 en un evento de concientizaci\u00f3n organizado por el Sistema de Protecci\u00f3n Integral de Ni\u00f1as, Ni\u00f1os y Adolescentes (SIPINNA) en el municipio de Altamira.<\/p>\n\n\n\n<p>El acto se llev\u00f3 a cabo en las instalaciones del Comit\u00e9 Municipal del PRI, ubicado en la Avenida Ferrocarril, Zona Centro de Altamira, y cont\u00f3 con la presencia de diversas autoridades municipales y estatales, as\u00ed como representantes del DIF y de la Fiscal\u00eda General de Justicia de Tamaulipas.<\/p>\n\n\n\n<p>Personal de la Guardia Estatal de G\u00e9nero imparti\u00f3 una charla enfocada en la prevenci\u00f3n del acoso escolar y la violencia digital, abordando temas como bullying escolar, tipos de violencia, orientaci\u00f3n sobre l\u00edneas de emergencia y estrategias para erradicar la violencia en entornos digitales y escolares.<\/p>\n\n\n\n<p>El evento permiti\u00f3 la difusi\u00f3n de informaci\u00f3n clave sobre la seguridad en internet y la prevenci\u00f3n de la violencia digital, beneficiando directamente a m\u00e1s de 90 mujeres y hombres.<\/p>\n\n\n\n<p>Adem\u00e1s, se reforz\u00f3 la presencia policial con dos unidades en la zona y se llev\u00f3 a cabo una jornada de difusi\u00f3n sobre la importancia de un uso seguro y responsable de las plataformas digitales.<\/p>\n","protected":false},"excerpt":{"rendered":"<p>Por: Agencias Altamira, Tamaulipas.- En el marco del D\u00eda Internacional del Internet Seguro, la Guardia Estatal de G\u00e9nero particip\u00f3 en un evento de concientizaci\u00f3n organizado por el Sistema de Protecci\u00f3n Integral de Ni\u00f1as, Ni\u00f1os y Adolescentes (SIPINNA) en el municipio de Altamira. El acto se llev\u00f3 a cabo en las instalaciones del Comit\u00e9 Municipal del &hellip;<\/p>\n","protected":false},"author":1,"featured_media":13988,"comment_status":"open","ping_status":"open","sticky":false,"template":"","format":"standard","meta":{"footnotes":""},"categories":[41,39],"tags":[],"class_list":["post-13987","post","type-post","status-publish","format-standard","has-post-thumbnail","","category-seguridad","category-tamaulipas"],"_links":{"self":[{"href":"https:\/\/www.radiointeractivo.com.mx\/index.php?rest_route=\/wp\/v2\/posts\/13987","targetHints":{"allow":["GET"]}}],"collection":[{"href":"https:\/\/www.radiointeractivo.com.mx\/index.php?rest_route=\/wp\/v2\/posts"}],"about":[{"href":"https:\/\/www.radiointeractivo.com.mx\/index.php?rest_route=\/wp\/v2\/types\/post"}],"author":[{"embeddable":true,"href":"https:\/\/www.radiointeractivo.com.mx\/index.php?rest_route=\/wp\/v2\/users\/1"}],"replies":[{"embeddable":true,"href":"https:\/\/www.radiointeractivo.com.mx\/index.php?rest_route=%2Fwp%2Fv2%2Fcomments&post=13987"}],"version-history":[{"count":1,"href":"https:\/\/www.radiointeractivo.com.mx\/index.php?rest_route=\/wp\/v2\/posts\/13987\/revisions"}],"predecessor-version":[{"id":13989,"href":"https:\/\/www.radiointeractivo.com.mx\/index.php?rest_route=\/wp\/v2\/posts\/13987\/revisions\/13989"}],"wp:featuredmedia":[{"embeddable":true,"href":"https:\/\/www.radiointeractivo.com.mx\/index.php?rest_route=\/wp\/v2\/media\/13988"}],"wp:attachment":[{"href":"https:\/\/www.radiointeractivo.com.mx\/index.php?rest_route=%2Fwp%2Fv2%2Fmedia&parent=13987"}],"wp:term":[{"taxonomy":"category","embeddable":true,"href":"https:\/\/www.radiointeractivo.com.mx\/index.php?rest_route=%2Fwp%2Fv2%2Fcategories&post=13987"},{"taxonomy":"post_tag","embeddable":true,"href":"https:\/\/www.radiointeractivo.com.mx\/index.php?rest_route=%2Fwp%2Fv2%2Ftags&post=13987"}],"curies":[{"name":"wp","href":"https:\/\/api.w.org\/{rel}","templated":true}]}}