{"id":13883,"date":"2025-02-09T21:34:48","date_gmt":"2025-02-10T03:34:48","guid":{"rendered":"https:\/\/www.radiointeractivo.com.mx\/?p=13883"},"modified":"2025-02-09T21:34:49","modified_gmt":"2025-02-10T03:34:49","slug":"disfrutan-familias-de-bazar-juntos-lo-hacemos-posible-edicion-san-valentin","status":"publish","type":"post","link":"https:\/\/www.radiointeractivo.com.mx\/?p=13883","title":{"rendered":"DISFRUTAN FAMILIAS DE BAZAR \u2018JUNTOS LO HACEMOS POSIBLE\u2019 EDICI\u00d3N SAN VALENT\u00cdN"},"content":{"rendered":"\n<figure class=\"wp-block-image size-large\"><img loading=\"lazy\" decoding=\"async\" width=\"1024\" height=\"683\" src=\"https:\/\/www.radiointeractivo.com.mx\/wp-content\/uploads\/2025\/02\/WhatsApp-Image-2025-02-09-at-11.35.02-AM-2-1024x683.jpeg\" alt=\"\" class=\"wp-image-13884\" srcset=\"https:\/\/www.radiointeractivo.com.mx\/wp-content\/uploads\/2025\/02\/WhatsApp-Image-2025-02-09-at-11.35.02-AM-2-1024x683.jpeg 1024w, https:\/\/www.radiointeractivo.com.mx\/wp-content\/uploads\/2025\/02\/WhatsApp-Image-2025-02-09-at-11.35.02-AM-2-300x200.jpeg 300w, https:\/\/www.radiointeractivo.com.mx\/wp-content\/uploads\/2025\/02\/WhatsApp-Image-2025-02-09-at-11.35.02-AM-2-768x512.jpeg 768w, https:\/\/www.radiointeractivo.com.mx\/wp-content\/uploads\/2025\/02\/WhatsApp-Image-2025-02-09-at-11.35.02-AM-2-1536x1024.jpeg 1536w, https:\/\/www.radiointeractivo.com.mx\/wp-content\/uploads\/2025\/02\/WhatsApp-Image-2025-02-09-at-11.35.02-AM-2.jpeg 1599w\" sizes=\"auto, (max-width: 1024px) 100vw, 1024px\" \/><\/figure>\n\n\n\n<p>Por: Staff | #NuevoLaredo #Laredo #NLD #Tamaulipas<\/p>\n\n\n\n<p>Con una gran asistencia y un ambiente festivo, se llev\u00f3 a cabo con \u00e9xito el Bazar &#8220;Juntos lo Hacemos Posible&#8221; Edici\u00f3n San Valent\u00edn en el Parque Viveros, donde cientos de familias aprovecharon la oportunidad para adquirir regalos especiales y apoyar a emprendedores locales.<\/p>\n\n\n\n<p>Esta iniciativa del Gobierno Municipal tiene como objetivo impulsar los peque\u00f1os negocios locales, brindando un espacio accesible para que emprendedores puedan ofrecer sus productos y que las familias neolaredenses adquieran art\u00edculos de calidad a precios accesibles.<\/p>\n\n\n\n<p>Desde el inicio de la actividad, los asistentes recorrieron los diferentes stands, donde encontraron una amplia variedad de opciones como artesan\u00edas, ropa, accesorios, dulces, arreglos florales y muchos otros detalles ideales para celebrar el D\u00eda del Amor y la Amistad.<\/p>\n\n\n\n<p>Adem\u00e1s de la oferta comercial, el evento cont\u00f3 con brincolines, un set de fotograf\u00eda y un ambiente familiar que hizo de esta jornada una experiencia \u00fanica tanto para compradores como para vendedores.<\/p>\n\n\n\n<p>Los emprendedores expresaron su agradecimiento al Gobierno Municipal por organizar este tipo de eventos que fomentan el crecimiento de sus negocios y fortalecen la econom\u00eda local.<\/p>\n\n\n\n<p>Con esta exitosa edici\u00f3n del Bazar &#8220;Juntos lo Hacemos Posible&#8221;, el Gobierno Municipal reafirma su compromiso de seguir impulsando estrategias que beneficien a la comunidad y fortalezcan el comercio local, consolidando a Nuevo Laredo como una ciudad de oportunidades para todos.<\/p>\n","protected":false},"excerpt":{"rendered":"<p>Por: Staff | #NuevoLaredo #Laredo #NLD #Tamaulipas Con una gran asistencia y un ambiente festivo, se llev\u00f3 a cabo con \u00e9xito el Bazar &#8220;Juntos lo Hacemos Posible&#8221; Edici\u00f3n San Valent\u00edn en el Parque Viveros, donde cientos de familias aprovecharon la oportunidad para adquirir regalos especiales y apoyar a emprendedores locales. Esta iniciativa del Gobierno Municipal &hellip;<\/p>\n","protected":false},"author":1,"featured_media":13884,"comment_status":"open","ping_status":"open","sticky":false,"template":"","format":"standard","meta":{"footnotes":""},"categories":[38],"tags":[],"class_list":["post-13883","post","type-post","status-publish","format-standard","has-post-thumbnail","","category-nuevo-laredo"],"_links":{"self":[{"href":"https:\/\/www.radiointeractivo.com.mx\/index.php?rest_route=\/wp\/v2\/posts\/13883","targetHints":{"allow":["GET"]}}],"collection":[{"href":"https:\/\/www.radiointeractivo.com.mx\/index.php?rest_route=\/wp\/v2\/posts"}],"about":[{"href":"https:\/\/www.radiointeractivo.com.mx\/index.php?rest_route=\/wp\/v2\/types\/post"}],"author":[{"embeddable":true,"href":"https:\/\/www.radiointeractivo.com.mx\/index.php?rest_route=\/wp\/v2\/users\/1"}],"replies":[{"embeddable":true,"href":"https:\/\/www.radiointeractivo.com.mx\/index.php?rest_route=%2Fwp%2Fv2%2Fcomments&post=13883"}],"version-history":[{"count":1,"href":"https:\/\/www.radiointeractivo.com.mx\/index.php?rest_route=\/wp\/v2\/posts\/13883\/revisions"}],"predecessor-version":[{"id":13885,"href":"https:\/\/www.radiointeractivo.com.mx\/index.php?rest_route=\/wp\/v2\/posts\/13883\/revisions\/13885"}],"wp:featuredmedia":[{"embeddable":true,"href":"https:\/\/www.radiointeractivo.com.mx\/index.php?rest_route=\/wp\/v2\/media\/13884"}],"wp:attachment":[{"href":"https:\/\/www.radiointeractivo.com.mx\/index.php?rest_route=%2Fwp%2Fv2%2Fmedia&parent=13883"}],"wp:term":[{"taxonomy":"category","embeddable":true,"href":"https:\/\/www.radiointeractivo.com.mx\/index.php?rest_route=%2Fwp%2Fv2%2Fcategories&post=13883"},{"taxonomy":"post_tag","embeddable":true,"href":"https:\/\/www.radiointeractivo.com.mx\/index.php?rest_route=%2Fwp%2Fv2%2Ftags&post=13883"}],"curies":[{"name":"wp","href":"https:\/\/api.w.org\/{rel}","templated":true}]}}