{"id":13869,"date":"2025-02-07T16:42:31","date_gmt":"2025-02-07T22:42:31","guid":{"rendered":"https:\/\/www.radiointeractivo.com.mx\/?p=13869"},"modified":"2025-02-07T16:42:33","modified_gmt":"2025-02-07T22:42:33","slug":"dif-nuevo-laredo-invita-al-bazar-de-san-valentin-en-los-cedif","status":"publish","type":"post","link":"https:\/\/www.radiointeractivo.com.mx\/?p=13869","title":{"rendered":"DIF NUEVO LAREDO INVITA AL \u201cBAZAR DE SAN VALENT\u00cdN\u201d EN LOS CEDIF"},"content":{"rendered":"\n<figure class=\"wp-block-image size-large\"><img loading=\"lazy\" decoding=\"async\" width=\"1024\" height=\"682\" src=\"https:\/\/www.radiointeractivo.com.mx\/wp-content\/uploads\/2025\/02\/WhatsApp-Image-2025-02-07-at-2.53.31-PM-1024x682.jpeg\" alt=\"\" class=\"wp-image-13870\" srcset=\"https:\/\/www.radiointeractivo.com.mx\/wp-content\/uploads\/2025\/02\/WhatsApp-Image-2025-02-07-at-2.53.31-PM-1024x682.jpeg 1024w, https:\/\/www.radiointeractivo.com.mx\/wp-content\/uploads\/2025\/02\/WhatsApp-Image-2025-02-07-at-2.53.31-PM-300x200.jpeg 300w, https:\/\/www.radiointeractivo.com.mx\/wp-content\/uploads\/2025\/02\/WhatsApp-Image-2025-02-07-at-2.53.31-PM-768x512.jpeg 768w, https:\/\/www.radiointeractivo.com.mx\/wp-content\/uploads\/2025\/02\/WhatsApp-Image-2025-02-07-at-2.53.31-PM-310x205.jpeg 310w, https:\/\/www.radiointeractivo.com.mx\/wp-content\/uploads\/2025\/02\/WhatsApp-Image-2025-02-07-at-2.53.31-PM.jpeg 1280w\" sizes=\"auto, (max-width: 1024px) 100vw, 1024px\" \/><\/figure>\n\n\n\n<p>Por: Staff | #NuevoLaredo #Laredo #NLD #Tamaulipas<\/p>\n\n\n\n<p>El Sistema para el Desarrollo Integral de la Familia (DIF) de Nuevo Laredo llevar\u00e1 a cabo el &#8220;Bazar de San Valent\u00edn&#8221;, un evento donde las alumnas de diversos talleres de los Centros para el Desarrollo Integral de la Familia (CEDIF) ofrecer\u00e1n productos elaborados por ellas mismas.<\/p>\n\n\n\n<p>La venta se realizar\u00e1 en los CEDIF de las colonias Voluntad y Trabajo N\u00famero 2, San Rafael y Buenos Aires, donde las participantes de los talleres de reposter\u00eda, manualidades y globoflexia, entre otros, ofertaran sus creaciones. Los asistentes podr\u00e1n adquirir regalos originales para la ocasi\u00f3n y, al mismo tiempo, apoyar el aprendizaje y desarrollo de las alumnas.<\/p>\n\n\n\n<p>El evento se llevar\u00e1 a cabo el 14 de febrero en un horario de 9:00 de la ma\u00f1ana a 3:00 de la tarde en los siguientes centros:<\/p>\n\n\n\n<p>CEDIF 2: Ubicado en Madero esquina con Carlos Ozuna, en la colonia Buenos Aires.<\/p>\n\n\n\n<p>CEDIF 3: En Art\u00edculo 123 y Nuevo Le\u00f3n, en la colonia San Rafael.<\/p>\n\n\n\n<p>CEDIF 4: En R\u00edo Nilo y Mayas, en la colonia Voluntad y Trabajo N\u00famero 2.<\/p>\n\n\n\n<p>El &#8220;Bazar de San Valent\u00edn&#8221; representa una oportunidad para que la comunidad apoye el talento local y el esfuerzo de las alumnas de los CEDIF, quienes a trav\u00e9s de estos talleres desarrollan habilidades que pueden convertirse en una fuente de ingreso para ellas y sus familias.<\/p>\n","protected":false},"excerpt":{"rendered":"<p>Por: Staff | #NuevoLaredo #Laredo #NLD #Tamaulipas El Sistema para el Desarrollo Integral de la Familia (DIF) de Nuevo Laredo llevar\u00e1 a cabo el &#8220;Bazar de San Valent\u00edn&#8221;, un evento donde las alumnas de diversos talleres de los Centros para el Desarrollo Integral de la Familia (CEDIF) ofrecer\u00e1n productos elaborados por ellas mismas. La venta &hellip;<\/p>\n","protected":false},"author":1,"featured_media":13870,"comment_status":"open","ping_status":"open","sticky":false,"template":"","format":"standard","meta":{"footnotes":""},"categories":[38],"tags":[],"class_list":["post-13869","post","type-post","status-publish","format-standard","has-post-thumbnail","","category-nuevo-laredo"],"_links":{"self":[{"href":"https:\/\/www.radiointeractivo.com.mx\/index.php?rest_route=\/wp\/v2\/posts\/13869","targetHints":{"allow":["GET"]}}],"collection":[{"href":"https:\/\/www.radiointeractivo.com.mx\/index.php?rest_route=\/wp\/v2\/posts"}],"about":[{"href":"https:\/\/www.radiointeractivo.com.mx\/index.php?rest_route=\/wp\/v2\/types\/post"}],"author":[{"embeddable":true,"href":"https:\/\/www.radiointeractivo.com.mx\/index.php?rest_route=\/wp\/v2\/users\/1"}],"replies":[{"embeddable":true,"href":"https:\/\/www.radiointeractivo.com.mx\/index.php?rest_route=%2Fwp%2Fv2%2Fcomments&post=13869"}],"version-history":[{"count":1,"href":"https:\/\/www.radiointeractivo.com.mx\/index.php?rest_route=\/wp\/v2\/posts\/13869\/revisions"}],"predecessor-version":[{"id":13871,"href":"https:\/\/www.radiointeractivo.com.mx\/index.php?rest_route=\/wp\/v2\/posts\/13869\/revisions\/13871"}],"wp:featuredmedia":[{"embeddable":true,"href":"https:\/\/www.radiointeractivo.com.mx\/index.php?rest_route=\/wp\/v2\/media\/13870"}],"wp:attachment":[{"href":"https:\/\/www.radiointeractivo.com.mx\/index.php?rest_route=%2Fwp%2Fv2%2Fmedia&parent=13869"}],"wp:term":[{"taxonomy":"category","embeddable":true,"href":"https:\/\/www.radiointeractivo.com.mx\/index.php?rest_route=%2Fwp%2Fv2%2Fcategories&post=13869"},{"taxonomy":"post_tag","embeddable":true,"href":"https:\/\/www.radiointeractivo.com.mx\/index.php?rest_route=%2Fwp%2Fv2%2Ftags&post=13869"}],"curies":[{"name":"wp","href":"https:\/\/api.w.org\/{rel}","templated":true}]}}