{"id":13839,"date":"2025-02-06T16:44:41","date_gmt":"2025-02-06T22:44:41","guid":{"rendered":"https:\/\/www.radiointeractivo.com.mx\/?p=13839"},"modified":"2025-02-06T16:44:42","modified_gmt":"2025-02-06T22:44:42","slug":"guardia-estatal-de-genero-concientiza-a-estudiantes-de-secundaria-respecto-a-violencia-escolar-y-digital","status":"publish","type":"post","link":"https:\/\/www.radiointeractivo.com.mx\/?p=13839","title":{"rendered":"Guardia Estatal de G\u00e9nero concientiza a estudiantes de secundaria respecto a violencia escolar y digital"},"content":{"rendered":"\n<figure class=\"wp-block-image size-large\"><img loading=\"lazy\" decoding=\"async\" width=\"1024\" height=\"560\" src=\"https:\/\/www.radiointeractivo.com.mx\/wp-content\/uploads\/2025\/02\/WhatsApp-Image-2025-02-06-at-1.04.34-PM-1024x560.jpeg\" alt=\"\" class=\"wp-image-13840\" srcset=\"https:\/\/www.radiointeractivo.com.mx\/wp-content\/uploads\/2025\/02\/WhatsApp-Image-2025-02-06-at-1.04.34-PM-1024x560.jpeg 1024w, https:\/\/www.radiointeractivo.com.mx\/wp-content\/uploads\/2025\/02\/WhatsApp-Image-2025-02-06-at-1.04.34-PM-300x164.jpeg 300w, https:\/\/www.radiointeractivo.com.mx\/wp-content\/uploads\/2025\/02\/WhatsApp-Image-2025-02-06-at-1.04.34-PM-768x420.jpeg 768w, https:\/\/www.radiointeractivo.com.mx\/wp-content\/uploads\/2025\/02\/WhatsApp-Image-2025-02-06-at-1.04.34-PM.jpeg 1113w\" sizes=\"auto, (max-width: 1024px) 100vw, 1024px\" \/><\/figure>\n\n\n\n<p>Por: Agencias<\/p>\n\n\n\n<p>Nuevo Laredo, Tamaulipas.- Estudiantes de la Escuela Secundaria T\u00e9cnica N\u00famero 32 del municipio de Nuevo Laredo recibieron la visita del personal de la Guardia Estatal de G\u00e9nero quienes impartieron el taller \u2018\u2019Acoso Escolar y Delitos Cibern\u00e9ticos\u2019\u2019.<\/p>\n\n\n\n<p>Este taller tuvo la finalidad de informar respecto a las caracter\u00edsticas de los diferentes tipos de violencia que pudieran presentarse en ambos entornos, los factores que intervienen y c\u00f3mo actuar en caso de ser v\u00edctima o testigo.<\/p>\n\n\n\n<p>Adem\u00e1s, se reiter\u00f3 el exhorto a denunciar formalmente mediante los n\u00fameros:911 y 089.<\/p>\n\n\n\n<p>La informaci\u00f3n fue recibida por 130 estudiantes y dos docentes quienes agradecieron esta acci\u00f3n de proximidad.<\/p>\n\n\n\n<p>Con estas campa\u00f1as en planteles educativos, el personal de la Guardia Estatal de G\u00e9nero contribuye a la creaci\u00f3n de espacios seguros para ni\u00f1os, ni\u00f1as y adolescentes.<\/p>\n","protected":false},"excerpt":{"rendered":"<p>Por: Agencias Nuevo Laredo, Tamaulipas.- Estudiantes de la Escuela Secundaria T\u00e9cnica N\u00famero 32 del municipio de Nuevo Laredo recibieron la visita del personal de la Guardia Estatal de G\u00e9nero quienes impartieron el taller \u2018\u2019Acoso Escolar y Delitos Cibern\u00e9ticos\u2019\u2019. Este taller tuvo la finalidad de informar respecto a las caracter\u00edsticas de los diferentes tipos de violencia &hellip;<\/p>\n","protected":false},"author":1,"featured_media":13840,"comment_status":"open","ping_status":"open","sticky":false,"template":"","format":"standard","meta":{"footnotes":""},"categories":[39],"tags":[],"class_list":["post-13839","post","type-post","status-publish","format-standard","has-post-thumbnail","","category-tamaulipas"],"_links":{"self":[{"href":"https:\/\/www.radiointeractivo.com.mx\/index.php?rest_route=\/wp\/v2\/posts\/13839","targetHints":{"allow":["GET"]}}],"collection":[{"href":"https:\/\/www.radiointeractivo.com.mx\/index.php?rest_route=\/wp\/v2\/posts"}],"about":[{"href":"https:\/\/www.radiointeractivo.com.mx\/index.php?rest_route=\/wp\/v2\/types\/post"}],"author":[{"embeddable":true,"href":"https:\/\/www.radiointeractivo.com.mx\/index.php?rest_route=\/wp\/v2\/users\/1"}],"replies":[{"embeddable":true,"href":"https:\/\/www.radiointeractivo.com.mx\/index.php?rest_route=%2Fwp%2Fv2%2Fcomments&post=13839"}],"version-history":[{"count":1,"href":"https:\/\/www.radiointeractivo.com.mx\/index.php?rest_route=\/wp\/v2\/posts\/13839\/revisions"}],"predecessor-version":[{"id":13841,"href":"https:\/\/www.radiointeractivo.com.mx\/index.php?rest_route=\/wp\/v2\/posts\/13839\/revisions\/13841"}],"wp:featuredmedia":[{"embeddable":true,"href":"https:\/\/www.radiointeractivo.com.mx\/index.php?rest_route=\/wp\/v2\/media\/13840"}],"wp:attachment":[{"href":"https:\/\/www.radiointeractivo.com.mx\/index.php?rest_route=%2Fwp%2Fv2%2Fmedia&parent=13839"}],"wp:term":[{"taxonomy":"category","embeddable":true,"href":"https:\/\/www.radiointeractivo.com.mx\/index.php?rest_route=%2Fwp%2Fv2%2Fcategories&post=13839"},{"taxonomy":"post_tag","embeddable":true,"href":"https:\/\/www.radiointeractivo.com.mx\/index.php?rest_route=%2Fwp%2Fv2%2Ftags&post=13839"}],"curies":[{"name":"wp","href":"https:\/\/api.w.org\/{rel}","templated":true}]}}