{"id":13738,"date":"2025-02-04T14:21:51","date_gmt":"2025-02-04T20:21:51","guid":{"rendered":"https:\/\/www.radiointeractivo.com.mx\/?p=13738"},"modified":"2025-02-04T14:21:52","modified_gmt":"2025-02-04T20:21:52","slug":"gobierno-de-nuevo-laredo-impulsa-a-emprendedores-con-cursos-gratuitos-de-administracion-y-finanzas","status":"publish","type":"post","link":"https:\/\/www.radiointeractivo.com.mx\/?p=13738","title":{"rendered":"GOBIERNO DE NUEVO LAREDO IMPULSA A EMPRENDEDORES CON CURSOS GRATUITOS DE ADMINISTRACI\u00d3N Y FINANZAS"},"content":{"rendered":"\n<figure class=\"wp-block-image size-full\"><img loading=\"lazy\" decoding=\"async\" width=\"1000\" height=\"1000\" src=\"https:\/\/www.radiointeractivo.com.mx\/wp-content\/uploads\/2025\/02\/WhatsApp-Image-2025-02-04-at-11.42.24-AM.jpeg\" alt=\"\" class=\"wp-image-13739\" srcset=\"https:\/\/www.radiointeractivo.com.mx\/wp-content\/uploads\/2025\/02\/WhatsApp-Image-2025-02-04-at-11.42.24-AM.jpeg 1000w, https:\/\/www.radiointeractivo.com.mx\/wp-content\/uploads\/2025\/02\/WhatsApp-Image-2025-02-04-at-11.42.24-AM-300x300.jpeg 300w, https:\/\/www.radiointeractivo.com.mx\/wp-content\/uploads\/2025\/02\/WhatsApp-Image-2025-02-04-at-11.42.24-AM-150x150.jpeg 150w, https:\/\/www.radiointeractivo.com.mx\/wp-content\/uploads\/2025\/02\/WhatsApp-Image-2025-02-04-at-11.42.24-AM-768x768.jpeg 768w\" sizes=\"auto, (max-width: 1000px) 100vw, 1000px\" \/><\/figure>\n\n\n\n<p>Por: Staff | #NuevoLaredo #Laredo #NLD #Tamaulipas<\/p>\n\n\n\n<p>Con el objetivo de fortalecer el ecosistema emprendedor y brindar herramientas clave para el crecimiento de los negocios locales, el Gobierno de Nuevo Laredo, en coordinaci\u00f3n con la Direcci\u00f3n de Comercio, Empleo y PYMES, invita a todos los emprendedores y emprendedoras de la ciudad a participar en el curso gratuitos de Administraci\u00f3n y Finanzas, que se llevar\u00e1 a cabo el pr\u00f3ximo jueves 06 de febrero de 2025.<\/p>\n\n\n\n<p>Estos cursos est\u00e1n dise\u00f1ados para dotar a los participantes de conocimientos esenciales en gesti\u00f3n empresarial, planificaci\u00f3n financiera y toma de decisiones estrat\u00e9gicas, aspectos fundamentales para transformar y consolidar cualquier emprendimiento.<\/p>\n\n\n\n<p>El evento se realizar\u00e1 en el emblem\u00e1tico Edificio del Antiguo Banco Longoria, ubicado en Matamoros #309 Altos, en tres horarios diferentes:<\/p>\n\n\n\n<p>10:00 AM a 11:00 AM<\/p>\n\n\n\n<p>12:00 PM a 1:00 PM<\/p>\n\n\n\n<p>2:00 PM a 3:00 PM<\/p>\n\n\n\n<p>Los interesados en participar pueden obtener m\u00e1s informaci\u00f3n en el Facebook de la Secretar\u00eda de Desarrollo Econ\u00f3mico o llamando al tel\u00e9fono 867 712 0327. No hay costo alguno, pero los cupos son limitados, por lo que se recomienda inscribirse con anticipaci\u00f3n.<\/p>\n","protected":false},"excerpt":{"rendered":"<p>Por: Staff | #NuevoLaredo #Laredo #NLD #Tamaulipas Con el objetivo de fortalecer el ecosistema emprendedor y brindar herramientas clave para el crecimiento de los negocios locales, el Gobierno de Nuevo Laredo, en coordinaci\u00f3n con la Direcci\u00f3n de Comercio, Empleo y PYMES, invita a todos los emprendedores y emprendedoras de la ciudad a participar en el &hellip;<\/p>\n","protected":false},"author":1,"featured_media":13739,"comment_status":"open","ping_status":"open","sticky":false,"template":"","format":"standard","meta":{"footnotes":""},"categories":[38],"tags":[],"class_list":["post-13738","post","type-post","status-publish","format-standard","has-post-thumbnail","","category-nuevo-laredo"],"_links":{"self":[{"href":"https:\/\/www.radiointeractivo.com.mx\/index.php?rest_route=\/wp\/v2\/posts\/13738","targetHints":{"allow":["GET"]}}],"collection":[{"href":"https:\/\/www.radiointeractivo.com.mx\/index.php?rest_route=\/wp\/v2\/posts"}],"about":[{"href":"https:\/\/www.radiointeractivo.com.mx\/index.php?rest_route=\/wp\/v2\/types\/post"}],"author":[{"embeddable":true,"href":"https:\/\/www.radiointeractivo.com.mx\/index.php?rest_route=\/wp\/v2\/users\/1"}],"replies":[{"embeddable":true,"href":"https:\/\/www.radiointeractivo.com.mx\/index.php?rest_route=%2Fwp%2Fv2%2Fcomments&post=13738"}],"version-history":[{"count":1,"href":"https:\/\/www.radiointeractivo.com.mx\/index.php?rest_route=\/wp\/v2\/posts\/13738\/revisions"}],"predecessor-version":[{"id":13740,"href":"https:\/\/www.radiointeractivo.com.mx\/index.php?rest_route=\/wp\/v2\/posts\/13738\/revisions\/13740"}],"wp:featuredmedia":[{"embeddable":true,"href":"https:\/\/www.radiointeractivo.com.mx\/index.php?rest_route=\/wp\/v2\/media\/13739"}],"wp:attachment":[{"href":"https:\/\/www.radiointeractivo.com.mx\/index.php?rest_route=%2Fwp%2Fv2%2Fmedia&parent=13738"}],"wp:term":[{"taxonomy":"category","embeddable":true,"href":"https:\/\/www.radiointeractivo.com.mx\/index.php?rest_route=%2Fwp%2Fv2%2Fcategories&post=13738"},{"taxonomy":"post_tag","embeddable":true,"href":"https:\/\/www.radiointeractivo.com.mx\/index.php?rest_route=%2Fwp%2Fv2%2Ftags&post=13738"}],"curies":[{"name":"wp","href":"https:\/\/api.w.org\/{rel}","templated":true}]}}