{"id":13717,"date":"2025-02-03T12:48:59","date_gmt":"2025-02-03T18:48:59","guid":{"rendered":"https:\/\/www.radiointeractivo.com.mx\/?p=13717"},"modified":"2025-02-03T12:49:00","modified_gmt":"2025-02-03T18:49:00","slug":"ultimo-dia-para-registro-de-beca-juntos-lo-hacemos-posible","status":"publish","type":"post","link":"https:\/\/www.radiointeractivo.com.mx\/?p=13717","title":{"rendered":"\u00daLTIMO D\u00cdA PARA REGISTRO DE BECA \u201cJUNTOS LO HACEMOS POSIBLE\u201d"},"content":{"rendered":"\n<figure class=\"wp-block-image size-large\"><img loading=\"lazy\" decoding=\"async\" width=\"1024\" height=\"768\" src=\"https:\/\/www.radiointeractivo.com.mx\/wp-content\/uploads\/2025\/02\/WhatsApp-Image-2025-02-03-at-12.29.19-PM-1024x768.jpeg\" alt=\"\" class=\"wp-image-13718\" srcset=\"https:\/\/www.radiointeractivo.com.mx\/wp-content\/uploads\/2025\/02\/WhatsApp-Image-2025-02-03-at-12.29.19-PM-1024x768.jpeg 1024w, https:\/\/www.radiointeractivo.com.mx\/wp-content\/uploads\/2025\/02\/WhatsApp-Image-2025-02-03-at-12.29.19-PM-300x225.jpeg 300w, https:\/\/www.radiointeractivo.com.mx\/wp-content\/uploads\/2025\/02\/WhatsApp-Image-2025-02-03-at-12.29.19-PM-768x576.jpeg 768w, https:\/\/www.radiointeractivo.com.mx\/wp-content\/uploads\/2025\/02\/WhatsApp-Image-2025-02-03-at-12.29.19-PM.jpeg 1428w\" sizes=\"auto, (max-width: 1024px) 100vw, 1024px\" \/><\/figure>\n\n\n\n<p>Por: Staff | #NuevoLaredo #Laredo #NLD #Tamaulipas<\/p>\n\n\n\n<p>El Gobierno Municipal de Nuevo Laredo, a trav\u00e9s de la Secretar\u00eda de Educaci\u00f3n, Cultura y Deporte, recuerda a los padres de familia que este 4 de febrero es el \u00faltimo d\u00eda para registrarse en la beca \u201cJuntos Lo Hacemos Posible\u201d.<\/p>\n\n\n\n<p>La alcaldesa Carmen Lilia Canturosas Villarreal invita a quienes a\u00fan no han realizado el tr\u00e1mite a que lo hagan cuanto antes y aseguren este apoyo educativo para sus hijos en educaci\u00f3n b\u00e1sica y especial.<\/p>\n\n\n\n<p>El registro se puede realizar en l\u00ednea en <a href=\"www.nld.gob.mx\">www.nld.gob.mx<\/a>, y para quienes requieran asistencia, siguen activos los m\u00f3dulos de apoyo en:<\/p>\n\n\n\n<p>Edificio anexo a Presidencia Municipal<\/p>\n\n\n\n<p>Biblioteca Municipal Octavio Paz (Col. Concordia)<\/p>\n\n\n\n<p>Biblioteca Emiliano Zapata (Calzada Revoluci\u00f3n 7401, Col. Buenavista)<\/p>\n\n\n\n<p>Horario de atenci\u00f3n: 9:00 a.m. a 2:00 p.m.<\/p>\n\n\n\n<p>Documentos necesarios:<\/p>\n\n\n\n<p>Acta de nacimiento y CURP del alumno<\/p>\n\n\n\n<p>Boleta de calificaciones<\/p>\n\n\n\n<p>Comprobante de domicilio<\/p>\n\n\n\n<p>INE del padre, madre o tutor<\/p>\n\n\n\n<p>CURP y RFC del padre, madre o tutor (para la cuenta bancaria)<\/p>\n","protected":false},"excerpt":{"rendered":"<p>Por: Staff | #NuevoLaredo #Laredo #NLD #Tamaulipas El Gobierno Municipal de Nuevo Laredo, a trav\u00e9s de la Secretar\u00eda de Educaci\u00f3n, Cultura y Deporte, recuerda a los padres de familia que este 4 de febrero es el \u00faltimo d\u00eda para registrarse en la beca \u201cJuntos Lo Hacemos Posible\u201d. La alcaldesa Carmen Lilia Canturosas Villarreal invita a &hellip;<\/p>\n","protected":false},"author":1,"featured_media":13718,"comment_status":"open","ping_status":"open","sticky":false,"template":"","format":"standard","meta":{"footnotes":""},"categories":[38],"tags":[],"class_list":["post-13717","post","type-post","status-publish","format-standard","has-post-thumbnail","","category-nuevo-laredo"],"_links":{"self":[{"href":"https:\/\/www.radiointeractivo.com.mx\/index.php?rest_route=\/wp\/v2\/posts\/13717","targetHints":{"allow":["GET"]}}],"collection":[{"href":"https:\/\/www.radiointeractivo.com.mx\/index.php?rest_route=\/wp\/v2\/posts"}],"about":[{"href":"https:\/\/www.radiointeractivo.com.mx\/index.php?rest_route=\/wp\/v2\/types\/post"}],"author":[{"embeddable":true,"href":"https:\/\/www.radiointeractivo.com.mx\/index.php?rest_route=\/wp\/v2\/users\/1"}],"replies":[{"embeddable":true,"href":"https:\/\/www.radiointeractivo.com.mx\/index.php?rest_route=%2Fwp%2Fv2%2Fcomments&post=13717"}],"version-history":[{"count":1,"href":"https:\/\/www.radiointeractivo.com.mx\/index.php?rest_route=\/wp\/v2\/posts\/13717\/revisions"}],"predecessor-version":[{"id":13719,"href":"https:\/\/www.radiointeractivo.com.mx\/index.php?rest_route=\/wp\/v2\/posts\/13717\/revisions\/13719"}],"wp:featuredmedia":[{"embeddable":true,"href":"https:\/\/www.radiointeractivo.com.mx\/index.php?rest_route=\/wp\/v2\/media\/13718"}],"wp:attachment":[{"href":"https:\/\/www.radiointeractivo.com.mx\/index.php?rest_route=%2Fwp%2Fv2%2Fmedia&parent=13717"}],"wp:term":[{"taxonomy":"category","embeddable":true,"href":"https:\/\/www.radiointeractivo.com.mx\/index.php?rest_route=%2Fwp%2Fv2%2Fcategories&post=13717"},{"taxonomy":"post_tag","embeddable":true,"href":"https:\/\/www.radiointeractivo.com.mx\/index.php?rest_route=%2Fwp%2Fv2%2Ftags&post=13717"}],"curies":[{"name":"wp","href":"https:\/\/api.w.org\/{rel}","templated":true}]}}