{"id":1367,"date":"2023-09-04T00:36:22","date_gmt":"2023-09-04T00:36:22","guid":{"rendered":"https:\/\/www.radiointeractivo.com.mx\/?p=1367"},"modified":"2023-09-04T00:36:22","modified_gmt":"2023-09-04T00:36:22","slug":"adolescentes-en-internamiento-concluyen-taller-de-composicion-musical","status":"publish","type":"post","link":"https:\/\/www.radiointeractivo.com.mx\/?p=1367","title":{"rendered":"Adolescentes en internamiento concluyen taller de composici\u00f3n musical"},"content":{"rendered":"\n<p>Por: Agencias<\/p>\n\n\n\n<p>G\u00fc\u00e9mez, Tamaulipas.- J\u00f3venes que integran el Centro Regional de Ejecuci\u00f3n de Medidas para Adolescentes en el municipio de G\u00fc\u00e9mez, concluyeron el taller de composici\u00f3n musical impartido por el maestro Jonatan Mallozzi.<\/p>\n\n\n\n<p>Como parte de la ceremonia de clausura, se presentaron algunas de las 15 composiciones creadas por los menores que se encuentran cumpliendo una medida de internamiento. Debido a que este taller estuvo enfocado en g\u00e9neros<br>urbanos, la muestra de talento cont\u00f3 con la participaci\u00f3n de los raperos locales \u201cEl Pacho\u201d y \u201cDragus\u201d.<\/p>\n\n\n\n<p>Al respecto, la titular de la Direcci\u00f3n de Ejecuci\u00f3n de Medidas para Adolescentes de la Secretar\u00eda de Seguridad P\u00fablica de Tamaulipas (SSPT), Maribel Leticia Garc\u00eda Barrientos, agradeci\u00f3 a quienes hicieron posible que las actividades del Programa Cultural \u201cAlas y Ra\u00edces\u201d, beneficiaran a adolescentes en internamiento y externamiento a lo largo de la entidad con clases de artes pl\u00e1sticas, manualidades y<br>composici\u00f3n musical.<\/p>\n\n\n\n<p>\u201cEs el sentir de ellos, es su forma de decirle al mundo aqu\u00ed estamos; entonces es darles esta participaci\u00f3n, darles este enfoque que es precisamente resaltar sus<br>sentimientos\u201d, dijo.<\/p>\n\n\n\n<p>Este cierre cont\u00f3 con la presencia de la directora general del Instituto Tamaulipeco para la Cultura y las Artes (ITCA), Brenda Denisse de la Cruz L\u00f3pez y la subdirectora del Centro de Ejecuci\u00f3n de Medidas para Adolescentes, Leticia Mireles Mascorro, entre otras invitados.<\/p>\n","protected":false},"excerpt":{"rendered":"<p>Por: Agencias G\u00fc\u00e9mez, Tamaulipas.- J\u00f3venes que integran el Centro Regional de Ejecuci\u00f3n de Medidas para Adolescentes en el municipio de G\u00fc\u00e9mez, concluyeron el taller de composici\u00f3n musical impartido por el maestro Jonatan Mallozzi. Como parte de la ceremonia de clausura, se presentaron algunas de las 15 composiciones creadas por los menores que se encuentran cumpliendo &hellip;<\/p>\n","protected":false},"author":1,"featured_media":1368,"comment_status":"open","ping_status":"open","sticky":false,"template":"","format":"standard","meta":{"footnotes":""},"categories":[39],"tags":[],"class_list":["post-1367","post","type-post","status-publish","format-standard","has-post-thumbnail","","category-tamaulipas"],"_links":{"self":[{"href":"https:\/\/www.radiointeractivo.com.mx\/index.php?rest_route=\/wp\/v2\/posts\/1367","targetHints":{"allow":["GET"]}}],"collection":[{"href":"https:\/\/www.radiointeractivo.com.mx\/index.php?rest_route=\/wp\/v2\/posts"}],"about":[{"href":"https:\/\/www.radiointeractivo.com.mx\/index.php?rest_route=\/wp\/v2\/types\/post"}],"author":[{"embeddable":true,"href":"https:\/\/www.radiointeractivo.com.mx\/index.php?rest_route=\/wp\/v2\/users\/1"}],"replies":[{"embeddable":true,"href":"https:\/\/www.radiointeractivo.com.mx\/index.php?rest_route=%2Fwp%2Fv2%2Fcomments&post=1367"}],"version-history":[{"count":1,"href":"https:\/\/www.radiointeractivo.com.mx\/index.php?rest_route=\/wp\/v2\/posts\/1367\/revisions"}],"predecessor-version":[{"id":1369,"href":"https:\/\/www.radiointeractivo.com.mx\/index.php?rest_route=\/wp\/v2\/posts\/1367\/revisions\/1369"}],"wp:featuredmedia":[{"embeddable":true,"href":"https:\/\/www.radiointeractivo.com.mx\/index.php?rest_route=\/wp\/v2\/media\/1368"}],"wp:attachment":[{"href":"https:\/\/www.radiointeractivo.com.mx\/index.php?rest_route=%2Fwp%2Fv2%2Fmedia&parent=1367"}],"wp:term":[{"taxonomy":"category","embeddable":true,"href":"https:\/\/www.radiointeractivo.com.mx\/index.php?rest_route=%2Fwp%2Fv2%2Fcategories&post=1367"},{"taxonomy":"post_tag","embeddable":true,"href":"https:\/\/www.radiointeractivo.com.mx\/index.php?rest_route=%2Fwp%2Fv2%2Ftags&post=1367"}],"curies":[{"name":"wp","href":"https:\/\/api.w.org\/{rel}","templated":true}]}}