{"id":13581,"date":"2025-01-29T23:21:26","date_gmt":"2025-01-30T05:21:26","guid":{"rendered":"https:\/\/www.radiointeractivo.com.mx\/?p=13581"},"modified":"2025-01-29T23:21:27","modified_gmt":"2025-01-30T05:21:27","slug":"crea-tamaulipas-comision-de-educacion-inclusiva","status":"publish","type":"post","link":"https:\/\/www.radiointeractivo.com.mx\/?p=13581","title":{"rendered":"Crea Tamaulipas Comisi\u00f3n de Educaci\u00f3n Inclusiva"},"content":{"rendered":"\n<figure class=\"wp-block-image size-large\"><img loading=\"lazy\" decoding=\"async\" width=\"1024\" height=\"682\" src=\"https:\/\/www.radiointeractivo.com.mx\/wp-content\/uploads\/2025\/01\/WhatsApp-Image-2025-01-29-at-12.57.34-PM-1024x682.jpeg\" alt=\"\" class=\"wp-image-13582\" srcset=\"https:\/\/www.radiointeractivo.com.mx\/wp-content\/uploads\/2025\/01\/WhatsApp-Image-2025-01-29-at-12.57.34-PM-1024x682.jpeg 1024w, https:\/\/www.radiointeractivo.com.mx\/wp-content\/uploads\/2025\/01\/WhatsApp-Image-2025-01-29-at-12.57.34-PM-300x200.jpeg 300w, https:\/\/www.radiointeractivo.com.mx\/wp-content\/uploads\/2025\/01\/WhatsApp-Image-2025-01-29-at-12.57.34-PM-768x512.jpeg 768w, https:\/\/www.radiointeractivo.com.mx\/wp-content\/uploads\/2025\/01\/WhatsApp-Image-2025-01-29-at-12.57.34-PM-310x205.jpeg 310w, https:\/\/www.radiointeractivo.com.mx\/wp-content\/uploads\/2025\/01\/WhatsApp-Image-2025-01-29-at-12.57.34-PM.jpeg 1280w\" sizes=\"auto, (max-width: 1024px) 100vw, 1024px\" \/><\/figure>\n\n\n\n<p>Por: Agencias<\/p>\n\n\n\n<p>Ciudad Victoria Tamaulipas.- Como parte de las acciones impulsadas por el gobernador Am\u00e9rico Villarreal Anaya para garantizar el respeto a los derechos de las ni\u00f1as, ni\u00f1os y adolescentes, se llev\u00f3 a cabo la creaci\u00f3n de la Comisi\u00f3n de Educaci\u00f3n Inclusiva.<\/p>\n\n\n\n<p>Esta iniciativa es promovida por Ivette Salazar M\u00e1rquez, secretaria ejecutiva del Sistema de Protecci\u00f3n Integral de Ni\u00f1as, Ni\u00f1os y Adolescentes (SIPINNA), en colaboraci\u00f3n con la Secretar\u00eda de Educaci\u00f3n de Tamaulipas, dirigida por Luc\u00eda Aim\u00e9 Castillo Pastor.<\/p>\n\n\n\n<p>Durante la sesi\u00f3n de instalaci\u00f3n, el subsecretario de Legalidad y Servicios Gubernamentales, Jorge Luis Beas G\u00e1mez, estuvo en representaci\u00f3n del secretario general de Gobierno, H\u00e9ctor Joel Villegas Gonz\u00e1lez.<\/p>\n\n\n\n<p>En su mensaje, Beas G\u00e1mez destac\u00f3 que, desde el inicio de la administraci\u00f3n, se ha trabajado con determinaci\u00f3n para construir un Tamaulipas m\u00e1s justo e inclusivo.<\/p>\n\n\n\n<p>\u201cPor ello, en este d\u00eda reafirmamos nuestro compromiso estableciendo esta comisi\u00f3n como un espacio para fortalecer la integraci\u00f3n escolar, donde ninguna ni\u00f1a, ni\u00f1o o adolescente sea excluido por razones de g\u00e9nero, discapacidad, etnia o cualquier otra condici\u00f3n\u201d, expres\u00f3.<\/p>\n\n\n\n<p>Asimismo, resalt\u00f3 el liderazgo del gobernador Am\u00e9rico Villarreal Anaya, quien ha promovido iniciativas que consolidan la educaci\u00f3n como un pilar fundamental para el desarrollo social.<\/p>\n\n\n\n<p>Explic\u00f3 que la creaci\u00f3n de esta comisi\u00f3n es un ejemplo de c\u00f3mo la colaboraci\u00f3n entre instituciones, el sector educativo y la sociedad puede contribuir a un sistema educativo m\u00e1s inclusivo y equitativo.<\/p>\n\n\n\n<p>Por su parte, la secretaria de Educaci\u00f3n, Luc\u00eda Aim\u00e9 Castillo Pastor, agradeci\u00f3 a Ivette Salazar M\u00e1rquez por su trabajo en la integraci\u00f3n de la Comisi\u00f3n de Educaci\u00f3n Inclusiva. \u201cEsta Comisi\u00f3n enfrenta un gran reto: dejar de ser una Secretar\u00eda omisa en materia de Educaci\u00f3n Especial y seguir una l\u00ednea clara de acci\u00f3n para transformar el concepto de inclusi\u00f3n\u201d, destac\u00f3 Castillo Pastor.<\/p>\n\n\n\n<p>En su discurso, cit\u00f3 a Albert Einstein al se\u00f1alar que \u201cno se puede juzgar a un pez por su capacidad de trepar \u00e1rboles\u201d, haciendo hincapi\u00e9 en la necesidad de comprender la diversidad de necesidades del alumnado y adaptar el sistema educativo para garantizar igualdad de oportunidades para todos.<\/p>\n\n\n\n<p>A la sesi\u00f3n de instalaci\u00f3n asistieron diversas autoridades estatales, entre ellas Marcela Ram\u00edrez Jord\u00e1n, subsecretaria de Educaci\u00f3n B\u00e1sica; Nora Hilda de los Reyes V\u00e1zquez, enlace educativo con la SET en Tamaulipas; Amelia Castro Dorantes, rectora del Centro Regional de Investigaci\u00f3n Educativa; Bryan Eleazar Arellano Rodr\u00edguez, secretario ejecutivo del SIPRODDIS; y Oscar Azael Rodr\u00edguez Perales, director general del INJUVE.<\/p>\n\n\n\n<p>Tambi\u00e9n participaron el Instituto de la Mujer, el Instituto Tamaulipeco para los Migrantes, as\u00ed como organizaciones internacionales de derechos humanos y World Vision.<\/p>\n\n\n\n<p>Con la creaci\u00f3n de la Comisi\u00f3n de Educaci\u00f3n Inclusiva, el Gobierno del Estado de Tamaulipas reafirma su compromiso con la construcci\u00f3n de un sistema educativo donde todas las ni\u00f1as, ni\u00f1os y adolescentes tengan las mismas oportunidades de crecimiento, aprendizaje y desarrollo.<\/p>\n","protected":false},"excerpt":{"rendered":"<p>Por: Agencias Ciudad Victoria Tamaulipas.- Como parte de las acciones impulsadas por el gobernador Am\u00e9rico Villarreal Anaya para garantizar el respeto a los derechos de las ni\u00f1as, ni\u00f1os y adolescentes, se llev\u00f3 a cabo la creaci\u00f3n de la Comisi\u00f3n de Educaci\u00f3n Inclusiva. Esta iniciativa es promovida por Ivette Salazar M\u00e1rquez, secretaria ejecutiva del Sistema de &hellip;<\/p>\n","protected":false},"author":1,"featured_media":13582,"comment_status":"open","ping_status":"open","sticky":false,"template":"","format":"standard","meta":{"footnotes":""},"categories":[39],"tags":[],"class_list":["post-13581","post","type-post","status-publish","format-standard","has-post-thumbnail","","category-tamaulipas"],"_links":{"self":[{"href":"https:\/\/www.radiointeractivo.com.mx\/index.php?rest_route=\/wp\/v2\/posts\/13581","targetHints":{"allow":["GET"]}}],"collection":[{"href":"https:\/\/www.radiointeractivo.com.mx\/index.php?rest_route=\/wp\/v2\/posts"}],"about":[{"href":"https:\/\/www.radiointeractivo.com.mx\/index.php?rest_route=\/wp\/v2\/types\/post"}],"author":[{"embeddable":true,"href":"https:\/\/www.radiointeractivo.com.mx\/index.php?rest_route=\/wp\/v2\/users\/1"}],"replies":[{"embeddable":true,"href":"https:\/\/www.radiointeractivo.com.mx\/index.php?rest_route=%2Fwp%2Fv2%2Fcomments&post=13581"}],"version-history":[{"count":1,"href":"https:\/\/www.radiointeractivo.com.mx\/index.php?rest_route=\/wp\/v2\/posts\/13581\/revisions"}],"predecessor-version":[{"id":13583,"href":"https:\/\/www.radiointeractivo.com.mx\/index.php?rest_route=\/wp\/v2\/posts\/13581\/revisions\/13583"}],"wp:featuredmedia":[{"embeddable":true,"href":"https:\/\/www.radiointeractivo.com.mx\/index.php?rest_route=\/wp\/v2\/media\/13582"}],"wp:attachment":[{"href":"https:\/\/www.radiointeractivo.com.mx\/index.php?rest_route=%2Fwp%2Fv2%2Fmedia&parent=13581"}],"wp:term":[{"taxonomy":"category","embeddable":true,"href":"https:\/\/www.radiointeractivo.com.mx\/index.php?rest_route=%2Fwp%2Fv2%2Fcategories&post=13581"},{"taxonomy":"post_tag","embeddable":true,"href":"https:\/\/www.radiointeractivo.com.mx\/index.php?rest_route=%2Fwp%2Fv2%2Ftags&post=13581"}],"curies":[{"name":"wp","href":"https:\/\/api.w.org\/{rel}","templated":true}]}}