{"id":13565,"date":"2025-01-29T15:27:23","date_gmt":"2025-01-29T21:27:23","guid":{"rendered":"https:\/\/www.radiointeractivo.com.mx\/?p=13565"},"modified":"2025-01-29T15:27:25","modified_gmt":"2025-01-29T21:27:25","slug":"gobierno-municipal-invita-al-programa-de-apoyo-integral-educativo-y-emocional-para-ninos","status":"publish","type":"post","link":"https:\/\/www.radiointeractivo.com.mx\/?p=13565","title":{"rendered":"GOBIERNO MUNICIPAL INVITA AL PROGRAMA DE APOYO INTEGRAL EDUCATIVO Y EMOCIONAL PARA NI\u00d1OS"},"content":{"rendered":"\n<figure class=\"wp-block-image size-large\"><img loading=\"lazy\" decoding=\"async\" width=\"1024\" height=\"768\" src=\"https:\/\/www.radiointeractivo.com.mx\/wp-content\/uploads\/2025\/01\/WhatsApp-Image-2025-01-29-at-1.06.51-PM-1-1024x768.jpeg\" alt=\"\" class=\"wp-image-13566\" srcset=\"https:\/\/www.radiointeractivo.com.mx\/wp-content\/uploads\/2025\/01\/WhatsApp-Image-2025-01-29-at-1.06.51-PM-1-1024x768.jpeg 1024w, https:\/\/www.radiointeractivo.com.mx\/wp-content\/uploads\/2025\/01\/WhatsApp-Image-2025-01-29-at-1.06.51-PM-1-300x225.jpeg 300w, https:\/\/www.radiointeractivo.com.mx\/wp-content\/uploads\/2025\/01\/WhatsApp-Image-2025-01-29-at-1.06.51-PM-1-768x576.jpeg 768w, https:\/\/www.radiointeractivo.com.mx\/wp-content\/uploads\/2025\/01\/WhatsApp-Image-2025-01-29-at-1.06.51-PM-1.jpeg 1280w\" sizes=\"auto, (max-width: 1024px) 100vw, 1024px\" \/><\/figure>\n\n\n\n<p>Por: Staff | #NuevoLaredo #Laredo #NLD #Tamaulipas<\/p>\n\n\n\n<p>El Gobierno Municipal de Nuevo Laredo ha puesto en marcha el Programa de Apoyo Integral Educativo y Emocional destinado a ni\u00f1os de entre 6 y 12 a\u00f1os que presenten dificultades en el \u00e1mbito acad\u00e9mico-emocional.<\/p>\n\n\n\n<p>Este programa integral ofrece servicios de regularizaci\u00f3n acad\u00e9mica enfocados en \u00e1reas clave como lectoescritura, espa\u00f1ol y matem\u00e1ticas; adem\u00e1s, proporciona apoyo psicol\u00f3gico esencial para atender las necesidades emocionales de los ni\u00f1os, fomentando as\u00ed su bienestar integral.<\/p>\n\n\n\n<p>Los padres o tutores interesados en inscribir a sus hijos deben presentar la siguiente documentaci\u00f3n: acta de nacimiento, CURP, boleta de calificaciones del \u00faltimo grado cursado, copia del INE del padre o tutor, comprobante de domicilio y, en caso de existir, un diagn\u00f3stico neuropsicol\u00f3gico.<\/p>\n\n\n\n<p>El programa se desarrollar\u00e1 en diferentes sedes, con opciones de horarios matutinos y vespertinos para adaptarse a las necesidades de las familias.<\/p>\n\n\n\n<p>Para obtener informaci\u00f3n m\u00e1s detallada sobre el Programa de Apoyo Integral Educativo y Emocional, los interesados pueden comunicarse al 867-7113503, extensi\u00f3n 3463.<\/p>\n\n\n\n<p>Este programa es una muestra m\u00e1s del compromiso del Gobierno Municipal con el bienestar y el futuro de los ni\u00f1os de Nuevo Laredo, brind\u00e1ndoles el apoyo necesario para superar obst\u00e1culos y alcanzar su m\u00e1ximo potencial.<\/p>\n","protected":false},"excerpt":{"rendered":"<p>Por: Staff | #NuevoLaredo #Laredo #NLD #Tamaulipas El Gobierno Municipal de Nuevo Laredo ha puesto en marcha el Programa de Apoyo Integral Educativo y Emocional destinado a ni\u00f1os de entre 6 y 12 a\u00f1os que presenten dificultades en el \u00e1mbito acad\u00e9mico-emocional. Este programa integral ofrece servicios de regularizaci\u00f3n acad\u00e9mica enfocados en \u00e1reas clave como lectoescritura, &hellip;<\/p>\n","protected":false},"author":1,"featured_media":13566,"comment_status":"open","ping_status":"open","sticky":false,"template":"","format":"standard","meta":{"footnotes":""},"categories":[38],"tags":[],"class_list":["post-13565","post","type-post","status-publish","format-standard","has-post-thumbnail","","category-nuevo-laredo"],"_links":{"self":[{"href":"https:\/\/www.radiointeractivo.com.mx\/index.php?rest_route=\/wp\/v2\/posts\/13565","targetHints":{"allow":["GET"]}}],"collection":[{"href":"https:\/\/www.radiointeractivo.com.mx\/index.php?rest_route=\/wp\/v2\/posts"}],"about":[{"href":"https:\/\/www.radiointeractivo.com.mx\/index.php?rest_route=\/wp\/v2\/types\/post"}],"author":[{"embeddable":true,"href":"https:\/\/www.radiointeractivo.com.mx\/index.php?rest_route=\/wp\/v2\/users\/1"}],"replies":[{"embeddable":true,"href":"https:\/\/www.radiointeractivo.com.mx\/index.php?rest_route=%2Fwp%2Fv2%2Fcomments&post=13565"}],"version-history":[{"count":1,"href":"https:\/\/www.radiointeractivo.com.mx\/index.php?rest_route=\/wp\/v2\/posts\/13565\/revisions"}],"predecessor-version":[{"id":13567,"href":"https:\/\/www.radiointeractivo.com.mx\/index.php?rest_route=\/wp\/v2\/posts\/13565\/revisions\/13567"}],"wp:featuredmedia":[{"embeddable":true,"href":"https:\/\/www.radiointeractivo.com.mx\/index.php?rest_route=\/wp\/v2\/media\/13566"}],"wp:attachment":[{"href":"https:\/\/www.radiointeractivo.com.mx\/index.php?rest_route=%2Fwp%2Fv2%2Fmedia&parent=13565"}],"wp:term":[{"taxonomy":"category","embeddable":true,"href":"https:\/\/www.radiointeractivo.com.mx\/index.php?rest_route=%2Fwp%2Fv2%2Fcategories&post=13565"},{"taxonomy":"post_tag","embeddable":true,"href":"https:\/\/www.radiointeractivo.com.mx\/index.php?rest_route=%2Fwp%2Fv2%2Ftags&post=13565"}],"curies":[{"name":"wp","href":"https:\/\/api.w.org\/{rel}","templated":true}]}}