{"id":13539,"date":"2025-01-28T17:15:05","date_gmt":"2025-01-28T23:15:05","guid":{"rendered":"https:\/\/www.radiointeractivo.com.mx\/?p=13539"},"modified":"2025-01-28T17:15:09","modified_gmt":"2025-01-28T23:15:09","slug":"invita-gobierno-municipal-a-inscribirse-en-los-talleres-de-oficio","status":"publish","type":"post","link":"https:\/\/www.radiointeractivo.com.mx\/?p=13539","title":{"rendered":"INVITA GOBIERNO MUNICIPAL A INSCRIBIRSE EN LOS TALLERES DE OFICIO"},"content":{"rendered":"\n<figure class=\"wp-block-image size-large\"><img loading=\"lazy\" decoding=\"async\" width=\"1024\" height=\"684\" src=\"https:\/\/www.radiointeractivo.com.mx\/wp-content\/uploads\/2025\/01\/WhatsApp-Image-2025-01-28-at-10.56.58-AM-1024x684.jpeg\" alt=\"\" class=\"wp-image-13540\" srcset=\"https:\/\/www.radiointeractivo.com.mx\/wp-content\/uploads\/2025\/01\/WhatsApp-Image-2025-01-28-at-10.56.58-AM-1024x684.jpeg 1024w, https:\/\/www.radiointeractivo.com.mx\/wp-content\/uploads\/2025\/01\/WhatsApp-Image-2025-01-28-at-10.56.58-AM-300x200.jpeg 300w, https:\/\/www.radiointeractivo.com.mx\/wp-content\/uploads\/2025\/01\/WhatsApp-Image-2025-01-28-at-10.56.58-AM-768x513.jpeg 768w, https:\/\/www.radiointeractivo.com.mx\/wp-content\/uploads\/2025\/01\/WhatsApp-Image-2025-01-28-at-10.56.58-AM-1536x1026.jpeg 1536w, https:\/\/www.radiointeractivo.com.mx\/wp-content\/uploads\/2025\/01\/WhatsApp-Image-2025-01-28-at-10.56.58-AM.jpeg 1600w\" sizes=\"auto, (max-width: 1024px) 100vw, 1024px\" \/><\/figure>\n\n\n\n<p>Por: Staff | #NuevoLaredo #Laredo #NLD #Tamaulipas<\/p>\n\n\n\n<p>La Secretar\u00eda de Bienestar Social de Nuevo Laredo hace un llamado a todos los ciudadanos a aprovechar la oportunidad de inscribirse en los Talleres de Oficio para el periodo de febrero-junio de este a\u00f1o.<\/p>\n\n\n\n<p>Las inscripciones estar\u00e1n abiertas hasta el 31 de enero y ofrecen una amplia gama de cursos dise\u00f1ados para proporcionar habilidades pr\u00e1cticas y mejorar las oportunidades de empleo.<\/p>\n\n\n\n<p>Los talleres tienen como objetivo principal fomentar la capacitaci\u00f3n y el desarrollo de habilidades en diversos oficios t\u00e9cnicos. Esto permite a los participantes adquirir conocimientos pr\u00e1cticos y mejorar sus perspectivas laborales, ya sea a trav\u00e9s del empleo o del autoempleo.<\/p>\n\n\n\n<p>Cursos Disponibles:<\/p>\n\n\n\n<p>Peinado y maquillaje intermedio<\/p>\n\n\n\n<p>U\u00f1as acr\u00edlicas nivel intermedio<\/p>\n\n\n\n<p>Cosmetolog\u00eda, masaje y spa<\/p>\n\n\n\n<p>Colorimetr\u00eda<\/p>\n\n\n\n<p>Limpieza y sanitizaci\u00f3n de equipo de minisplit<\/p>\n\n\n\n<p>Corte y confecci\u00f3n nivel 2<\/p>\n\n\n\n<p>Aplicaci\u00f3n de u\u00f1as acr\u00edlicas nivel avanzado<\/p>\n\n\n\n<p>Reposter\u00eda b\u00e1sica<\/p>\n\n\n\n<p>Sabores del mundo 2 y emprendimiento gastron\u00f3mico b\u00e1sico<\/p>\n\n\n\n<p>U\u00f1as acr\u00edlicas nivel 2<\/p>\n\n\n\n<p>Panader\u00eda mexicana nivel 2<\/p>\n\n\n\n<p>Reposter\u00eda 2<\/p>\n\n\n\n<p>Ingl\u00e9s conversacional<\/p>\n\n\n\n<p>Barber shop<\/p>\n\n\n\n<p>Ingl\u00e9s nivel 2<\/p>\n\n\n\n<p>Aplicaci\u00f3n de u\u00f1as intermedio avanzado<\/p>\n\n\n\n<p>Sabores del mundo nivel 2 (cocina mexicana)<\/p>\n\n\n\n<p>Inscripciones Abiertas Hasta el 31 de Enero<\/p>\n\n\n\n<p>Para obtener m\u00e1s informaci\u00f3n sobre los talleres y el proceso de inscripci\u00f3n, pueden consultar la p\u00e1gina de Facebook de la Secretar\u00eda de Bienestar Social de Nuevo Laredo o acudir al Centro Comunitario o TAMUL m\u00e1s cercano.<\/p>\n","protected":false},"excerpt":{"rendered":"<p>Por: Staff | #NuevoLaredo #Laredo #NLD #Tamaulipas La Secretar\u00eda de Bienestar Social de Nuevo Laredo hace un llamado a todos los ciudadanos a aprovechar la oportunidad de inscribirse en los Talleres de Oficio para el periodo de febrero-junio de este a\u00f1o. Las inscripciones estar\u00e1n abiertas hasta el 31 de enero y ofrecen una amplia gama &hellip;<\/p>\n","protected":false},"author":1,"featured_media":13540,"comment_status":"open","ping_status":"open","sticky":false,"template":"","format":"standard","meta":{"footnotes":""},"categories":[38],"tags":[],"class_list":["post-13539","post","type-post","status-publish","format-standard","has-post-thumbnail","","category-nuevo-laredo"],"_links":{"self":[{"href":"https:\/\/www.radiointeractivo.com.mx\/index.php?rest_route=\/wp\/v2\/posts\/13539","targetHints":{"allow":["GET"]}}],"collection":[{"href":"https:\/\/www.radiointeractivo.com.mx\/index.php?rest_route=\/wp\/v2\/posts"}],"about":[{"href":"https:\/\/www.radiointeractivo.com.mx\/index.php?rest_route=\/wp\/v2\/types\/post"}],"author":[{"embeddable":true,"href":"https:\/\/www.radiointeractivo.com.mx\/index.php?rest_route=\/wp\/v2\/users\/1"}],"replies":[{"embeddable":true,"href":"https:\/\/www.radiointeractivo.com.mx\/index.php?rest_route=%2Fwp%2Fv2%2Fcomments&post=13539"}],"version-history":[{"count":1,"href":"https:\/\/www.radiointeractivo.com.mx\/index.php?rest_route=\/wp\/v2\/posts\/13539\/revisions"}],"predecessor-version":[{"id":13541,"href":"https:\/\/www.radiointeractivo.com.mx\/index.php?rest_route=\/wp\/v2\/posts\/13539\/revisions\/13541"}],"wp:featuredmedia":[{"embeddable":true,"href":"https:\/\/www.radiointeractivo.com.mx\/index.php?rest_route=\/wp\/v2\/media\/13540"}],"wp:attachment":[{"href":"https:\/\/www.radiointeractivo.com.mx\/index.php?rest_route=%2Fwp%2Fv2%2Fmedia&parent=13539"}],"wp:term":[{"taxonomy":"category","embeddable":true,"href":"https:\/\/www.radiointeractivo.com.mx\/index.php?rest_route=%2Fwp%2Fv2%2Fcategories&post=13539"},{"taxonomy":"post_tag","embeddable":true,"href":"https:\/\/www.radiointeractivo.com.mx\/index.php?rest_route=%2Fwp%2Fv2%2Ftags&post=13539"}],"curies":[{"name":"wp","href":"https:\/\/api.w.org\/{rel}","templated":true}]}}