{"id":13507,"date":"2025-01-27T17:03:44","date_gmt":"2025-01-27T23:03:44","guid":{"rendered":"https:\/\/www.radiointeractivo.com.mx\/?p=13507"},"modified":"2025-01-27T17:03:48","modified_gmt":"2025-01-27T23:03:48","slug":"anuncian-ampliacion-de-plazo-para-recepcion-de-cartillas-militares-clase-2006","status":"publish","type":"post","link":"https:\/\/www.radiointeractivo.com.mx\/?p=13507","title":{"rendered":"ANUNCIAN AMPLIACI\u00d3N DE PLAZO PARA RECEPCI\u00d3N DE CARTILLAS MILITARES CLASE 2006"},"content":{"rendered":"\n<figure class=\"wp-block-image size-large\"><img loading=\"lazy\" decoding=\"async\" width=\"1024\" height=\"682\" src=\"https:\/\/www.radiointeractivo.com.mx\/wp-content\/uploads\/2025\/01\/WhatsApp-Image-2025-01-27-at-4.04.50-PM-1024x682.jpeg\" alt=\"\" class=\"wp-image-13508\" srcset=\"https:\/\/www.radiointeractivo.com.mx\/wp-content\/uploads\/2025\/01\/WhatsApp-Image-2025-01-27-at-4.04.50-PM-1024x682.jpeg 1024w, https:\/\/www.radiointeractivo.com.mx\/wp-content\/uploads\/2025\/01\/WhatsApp-Image-2025-01-27-at-4.04.50-PM-300x200.jpeg 300w, https:\/\/www.radiointeractivo.com.mx\/wp-content\/uploads\/2025\/01\/WhatsApp-Image-2025-01-27-at-4.04.50-PM-768x512.jpeg 768w, https:\/\/www.radiointeractivo.com.mx\/wp-content\/uploads\/2025\/01\/WhatsApp-Image-2025-01-27-at-4.04.50-PM-310x205.jpeg 310w, https:\/\/www.radiointeractivo.com.mx\/wp-content\/uploads\/2025\/01\/WhatsApp-Image-2025-01-27-at-4.04.50-PM.jpeg 1280w\" sizes=\"auto, (max-width: 1024px) 100vw, 1024px\" \/><\/figure>\n\n\n\n<p>Por: Staff | #NuevoLaredo #Laredo #NLD #Tamaulipas<\/p>\n\n\n\n<p>El Gobierno Municipal y la Junta Municipal de Reclutamiento y Fomento C\u00edvico, invitan a la conscriptos Clase 2006 y remisos a acudir a sus oficinas para el sellado de la cartilla, recordando que se ampl\u00edo el plazo para su recepci\u00f3n a los d\u00edas 1, 2, 8 y 9 de febrero de este a\u00f1o.<\/p>\n\n\n\n<p>Los interesados deber\u00e1n acudir esos d\u00edas a entregarlas en el D\u00e9cimo Sexto Regimiento de Caballer\u00eda Motorizado ubicado por el Bulevar Luis Donaldo Colosio frente al Centro Cultural en horario de las 8:00 de la ma\u00f1ana a 1:00 de la tarde.<\/p>\n\n\n\n<p>En la entrega de la cartilla se expedir\u00e1 un recibo que deber\u00e1n conservar para su posterior devoluci\u00f3n una vez liberada.<\/p>\n\n\n\n<p>Asimismo, se hace del conocimiento de la ciudadan\u00eda que del 13 de enero y hasta el 15 de octubre, se efectuar\u00e1n los tr\u00e1mites de registro para los j\u00f3venes Clase 2007 y remisos, por lo que deber\u00e1n acudir a las oficinas de Reclutamiento ubicadas en el Centro C\u00edvico \u201cCarlos Cant\u00fa Rosas\u201d o solicitar informaci\u00f3n a los tel\u00e9fonos 867-712-3337 y 867-712-5998.<\/p>\n\n\n\n<p>Tambi\u00e9n se hace una invitaci\u00f3n a las mujeres mayores de 18 a\u00f1os de edad, con vocaci\u00f3n militar y de servicio para que participen como voluntarias en el programa de adiestramiento del Servicio Militar Nacional (SMN), debiendo acudir a las citadas instalaciones del nuevo cuartel militar en los mismos horarios.<\/p>\n","protected":false},"excerpt":{"rendered":"<p>Por: Staff | #NuevoLaredo #Laredo #NLD #Tamaulipas El Gobierno Municipal y la Junta Municipal de Reclutamiento y Fomento C\u00edvico, invitan a la conscriptos Clase 2006 y remisos a acudir a sus oficinas para el sellado de la cartilla, recordando que se ampl\u00edo el plazo para su recepci\u00f3n a los d\u00edas 1, 2, 8 y 9 &hellip;<\/p>\n","protected":false},"author":1,"featured_media":13508,"comment_status":"open","ping_status":"open","sticky":false,"template":"","format":"standard","meta":{"footnotes":""},"categories":[38],"tags":[],"class_list":["post-13507","post","type-post","status-publish","format-standard","has-post-thumbnail","","category-nuevo-laredo"],"_links":{"self":[{"href":"https:\/\/www.radiointeractivo.com.mx\/index.php?rest_route=\/wp\/v2\/posts\/13507","targetHints":{"allow":["GET"]}}],"collection":[{"href":"https:\/\/www.radiointeractivo.com.mx\/index.php?rest_route=\/wp\/v2\/posts"}],"about":[{"href":"https:\/\/www.radiointeractivo.com.mx\/index.php?rest_route=\/wp\/v2\/types\/post"}],"author":[{"embeddable":true,"href":"https:\/\/www.radiointeractivo.com.mx\/index.php?rest_route=\/wp\/v2\/users\/1"}],"replies":[{"embeddable":true,"href":"https:\/\/www.radiointeractivo.com.mx\/index.php?rest_route=%2Fwp%2Fv2%2Fcomments&post=13507"}],"version-history":[{"count":1,"href":"https:\/\/www.radiointeractivo.com.mx\/index.php?rest_route=\/wp\/v2\/posts\/13507\/revisions"}],"predecessor-version":[{"id":13509,"href":"https:\/\/www.radiointeractivo.com.mx\/index.php?rest_route=\/wp\/v2\/posts\/13507\/revisions\/13509"}],"wp:featuredmedia":[{"embeddable":true,"href":"https:\/\/www.radiointeractivo.com.mx\/index.php?rest_route=\/wp\/v2\/media\/13508"}],"wp:attachment":[{"href":"https:\/\/www.radiointeractivo.com.mx\/index.php?rest_route=%2Fwp%2Fv2%2Fmedia&parent=13507"}],"wp:term":[{"taxonomy":"category","embeddable":true,"href":"https:\/\/www.radiointeractivo.com.mx\/index.php?rest_route=%2Fwp%2Fv2%2Fcategories&post=13507"},{"taxonomy":"post_tag","embeddable":true,"href":"https:\/\/www.radiointeractivo.com.mx\/index.php?rest_route=%2Fwp%2Fv2%2Ftags&post=13507"}],"curies":[{"name":"wp","href":"https:\/\/api.w.org\/{rel}","templated":true}]}}