{"id":13490,"date":"2025-01-27T13:19:29","date_gmt":"2025-01-27T19:19:29","guid":{"rendered":"https:\/\/www.radiointeractivo.com.mx\/?p=13490"},"modified":"2025-01-27T13:19:30","modified_gmt":"2025-01-27T19:19:30","slug":"emite-proteccion-civil-recomendaciones-para-evitar-incendios-provocados-por-malas-instalaciones-electricas","status":"publish","type":"post","link":"https:\/\/www.radiointeractivo.com.mx\/?p=13490","title":{"rendered":"EMITE PROTECCI\u00d3N CIVIL RECOMENDACIONES PARA EVITAR INCENDIOS PROVOCADOS POR MALAS INSTALACIONES EL\u00c9CTRICAS"},"content":{"rendered":"\n<figure class=\"wp-block-image size-large\"><img loading=\"lazy\" decoding=\"async\" width=\"1024\" height=\"682\" src=\"https:\/\/www.radiointeractivo.com.mx\/wp-content\/uploads\/2025\/01\/WhatsApp-Image-2025-01-27-at-11.37.27-AM-1024x682.jpeg\" alt=\"\" class=\"wp-image-13491\" srcset=\"https:\/\/www.radiointeractivo.com.mx\/wp-content\/uploads\/2025\/01\/WhatsApp-Image-2025-01-27-at-11.37.27-AM-1024x682.jpeg 1024w, https:\/\/www.radiointeractivo.com.mx\/wp-content\/uploads\/2025\/01\/WhatsApp-Image-2025-01-27-at-11.37.27-AM-300x200.jpeg 300w, https:\/\/www.radiointeractivo.com.mx\/wp-content\/uploads\/2025\/01\/WhatsApp-Image-2025-01-27-at-11.37.27-AM-768x512.jpeg 768w, https:\/\/www.radiointeractivo.com.mx\/wp-content\/uploads\/2025\/01\/WhatsApp-Image-2025-01-27-at-11.37.27-AM-310x205.jpeg 310w, https:\/\/www.radiointeractivo.com.mx\/wp-content\/uploads\/2025\/01\/WhatsApp-Image-2025-01-27-at-11.37.27-AM.jpeg 1280w\" sizes=\"auto, (max-width: 1024px) 100vw, 1024px\" \/><\/figure>\n\n\n\n<p>Por: Staff | #NuevoLaredo #Laredo #NLD #Tamaulipas<\/p>\n\n\n\n<p>El Gobierno Municipal, a trav\u00e9s de la Direcci\u00f3n de Protecci\u00f3n Civil y Bomberos de Nuevo Laredo alert\u00f3 de un peligroso incremento de incendios en casas habitaci\u00f3n, derivado de la saturaci\u00f3n en las instalaciones el\u00e9ctricas.<\/p>\n\n\n\n<p>Humberto Fern\u00e1ndez Diez de Pinos, director de DPCyB inform\u00f3 que de 2 siniestros diarios que atend\u00edan, esta cifra se increment\u00f3 a 4, siendo el com\u00fan denominador la saturaci\u00f3n en el consumo de energ\u00eda el\u00e9ctrica lo que provoca cortocircuitos y esto deriva en incendio.<\/p>\n\n\n\n<p>\u201cEstamos trabajando en la prevenci\u00f3n, estar al pendiente de estas situaciones despu\u00e9s de esta onda fr\u00eda. No hay que saturar los circuitos en casa, hay que poner mucha atenci\u00f3n para evitar apagones en la localidad por abuso del consumo de la electricidad\u201d, dijo el titular de Protecci\u00f3n Civil.<\/p>\n\n\n\n<p>Fern\u00e1ndez Diez de Pinos detall\u00f3 que en ocasiones los incendios no son totales, pero todos son derivados del consumo excesivo en el manejo de la electricidad, al no respetar el m\u00e1ximo marcado para estas instalaciones en los hogares.<\/p>\n\n\n\n<p>Para evitar contingencias que pueden costar la vida de las personas, el titular de la dependencia emiti\u00f3 la siguientes recomendaciones a la ciudadan\u00eda:<\/p>\n\n\n\n<pre class=\"wp-block-code\"><code>Verifica que los cables est\u00e9n en buen estado y no est\u00e9n deshilachados o rotos. \n\nEvitar sobrecargar los tomacorrientes. \n\nNo uses cables de extensi\u00f3n en lugar de los tomacorrientes. \n\nEvita que los cables y enchufes entren en contacto con agua. \n\nDesconecta los aparatos el\u00e9ctricos despu\u00e9s de usarlos. \n\nRealiza reparaciones y mantenimiento de forma regular. \n\nNo enchufes aparatos cerca de la ducha, ba\u00f1era o inodoro. \n\nEvita tocar aparatos el\u00e9ctricos con las manos mojadas.<\/code><\/pre>\n","protected":false},"excerpt":{"rendered":"<p>Por: Staff | #NuevoLaredo #Laredo #NLD #Tamaulipas El Gobierno Municipal, a trav\u00e9s de la Direcci\u00f3n de Protecci\u00f3n Civil y Bomberos de Nuevo Laredo alert\u00f3 de un peligroso incremento de incendios en casas habitaci\u00f3n, derivado de la saturaci\u00f3n en las instalaciones el\u00e9ctricas. Humberto Fern\u00e1ndez Diez de Pinos, director de DPCyB inform\u00f3 que de 2 siniestros diarios &hellip;<\/p>\n","protected":false},"author":1,"featured_media":13491,"comment_status":"open","ping_status":"open","sticky":false,"template":"","format":"standard","meta":{"footnotes":""},"categories":[38],"tags":[],"class_list":["post-13490","post","type-post","status-publish","format-standard","has-post-thumbnail","","category-nuevo-laredo"],"_links":{"self":[{"href":"https:\/\/www.radiointeractivo.com.mx\/index.php?rest_route=\/wp\/v2\/posts\/13490","targetHints":{"allow":["GET"]}}],"collection":[{"href":"https:\/\/www.radiointeractivo.com.mx\/index.php?rest_route=\/wp\/v2\/posts"}],"about":[{"href":"https:\/\/www.radiointeractivo.com.mx\/index.php?rest_route=\/wp\/v2\/types\/post"}],"author":[{"embeddable":true,"href":"https:\/\/www.radiointeractivo.com.mx\/index.php?rest_route=\/wp\/v2\/users\/1"}],"replies":[{"embeddable":true,"href":"https:\/\/www.radiointeractivo.com.mx\/index.php?rest_route=%2Fwp%2Fv2%2Fcomments&post=13490"}],"version-history":[{"count":1,"href":"https:\/\/www.radiointeractivo.com.mx\/index.php?rest_route=\/wp\/v2\/posts\/13490\/revisions"}],"predecessor-version":[{"id":13492,"href":"https:\/\/www.radiointeractivo.com.mx\/index.php?rest_route=\/wp\/v2\/posts\/13490\/revisions\/13492"}],"wp:featuredmedia":[{"embeddable":true,"href":"https:\/\/www.radiointeractivo.com.mx\/index.php?rest_route=\/wp\/v2\/media\/13491"}],"wp:attachment":[{"href":"https:\/\/www.radiointeractivo.com.mx\/index.php?rest_route=%2Fwp%2Fv2%2Fmedia&parent=13490"}],"wp:term":[{"taxonomy":"category","embeddable":true,"href":"https:\/\/www.radiointeractivo.com.mx\/index.php?rest_route=%2Fwp%2Fv2%2Fcategories&post=13490"},{"taxonomy":"post_tag","embeddable":true,"href":"https:\/\/www.radiointeractivo.com.mx\/index.php?rest_route=%2Fwp%2Fv2%2Ftags&post=13490"}],"curies":[{"name":"wp","href":"https:\/\/api.w.org\/{rel}","templated":true}]}}