{"id":13487,"date":"2025-01-27T12:09:37","date_gmt":"2025-01-27T18:09:37","guid":{"rendered":"https:\/\/www.radiointeractivo.com.mx\/?p=13487"},"modified":"2025-01-27T12:09:38","modified_gmt":"2025-01-27T18:09:38","slug":"mantiene-gobierno-de-nuevo-laredo-descuentos-al-impuesto-predial","status":"publish","type":"post","link":"https:\/\/www.radiointeractivo.com.mx\/?p=13487","title":{"rendered":"MANTIENE GOBIERNO DE NUEVO LAREDO DESCUENTOS AL IMPUESTO PREDIAL"},"content":{"rendered":"\n<figure class=\"wp-block-image size-large\"><img loading=\"lazy\" decoding=\"async\" width=\"1024\" height=\"682\" src=\"https:\/\/www.radiointeractivo.com.mx\/wp-content\/uploads\/2025\/01\/WhatsApp-Image-2025-01-27-at-11.18.15-AM-1024x682.jpeg\" alt=\"\" class=\"wp-image-13488\" srcset=\"https:\/\/www.radiointeractivo.com.mx\/wp-content\/uploads\/2025\/01\/WhatsApp-Image-2025-01-27-at-11.18.15-AM-1024x682.jpeg 1024w, https:\/\/www.radiointeractivo.com.mx\/wp-content\/uploads\/2025\/01\/WhatsApp-Image-2025-01-27-at-11.18.15-AM-300x200.jpeg 300w, https:\/\/www.radiointeractivo.com.mx\/wp-content\/uploads\/2025\/01\/WhatsApp-Image-2025-01-27-at-11.18.15-AM-768x512.jpeg 768w, https:\/\/www.radiointeractivo.com.mx\/wp-content\/uploads\/2025\/01\/WhatsApp-Image-2025-01-27-at-11.18.15-AM-1536x1023.jpeg 1536w, https:\/\/www.radiointeractivo.com.mx\/wp-content\/uploads\/2025\/01\/WhatsApp-Image-2025-01-27-at-11.18.15-AM-310x205.jpeg 310w, https:\/\/www.radiointeractivo.com.mx\/wp-content\/uploads\/2025\/01\/WhatsApp-Image-2025-01-27-at-11.18.15-AM.jpeg 1600w\" sizes=\"auto, (max-width: 1024px) 100vw, 1024px\" \/><\/figure>\n\n\n\n<p>Por: Staff | #NuevoLaredo #Laredo #NLD #Tamaulipas<\/p>\n\n\n\n<p>El Gobierno de Nuevo Laredo exhorta a los ciudadanos a aprovechar las bonificaciones al impuesto predial que buscan fortalecer la econom\u00eda familiar y premiar a los contribuyentes cumplidos.<\/p>\n\n\n\n<p>Durante los meses de enero y febrero, los neolaredenses podr\u00e1n acceder a un 15% de descuento al realizar su pago anticipado, mientras que en marzo y abril se aplicar\u00e1 una bonificaci\u00f3n del 8%, seg\u00fan lo aprobado por el Cabildo de la ciudad.<\/p>\n\n\n\n<p>\u201cEl objetivo de esta medida es incentivar el cumplimiento de los contribuyentes y, al mismo tiempo, respaldar acciones que beneficien a nuestra comunidad\u201d, se\u00f1al\u00f3 la alcaldesa Carmen Lilia Canturosas.<\/p>\n\n\n\n<p>Asimismo, se otorgar\u00e1 un 50% de descuento a los propietarios de predios que sean jubilados, pensionados, personas con discapacidad, adultos mayores de 60 a\u00f1os o que est\u00e9n en comodato con el municipio para actividades deportivas y culturales.<\/p>\n\n\n\n<p>Estos beneficios, que est\u00e1n vigentes desde el 2 de enero de 2025, representan una oportunidad para cumplir con esta obligaci\u00f3n fiscal mientras se apoya el desarrollo de programas y proyectos que impactan de manera positiva en la calidad de vida de la poblaci\u00f3n.<\/p>\n\n\n\n<p>Las autoridades invitan a la ciudadan\u00eda a acudir a las oficinas de Tesorer\u00eda Municipal para realizar su pago o consultar los canales oficiales del Gobierno de Nuevo Laredo para obtener m\u00e1s informaci\u00f3n.<\/p>\n","protected":false},"excerpt":{"rendered":"<p>Por: Staff | #NuevoLaredo #Laredo #NLD #Tamaulipas El Gobierno de Nuevo Laredo exhorta a los ciudadanos a aprovechar las bonificaciones al impuesto predial que buscan fortalecer la econom\u00eda familiar y premiar a los contribuyentes cumplidos. Durante los meses de enero y febrero, los neolaredenses podr\u00e1n acceder a un 15% de descuento al realizar su pago &hellip;<\/p>\n","protected":false},"author":1,"featured_media":13488,"comment_status":"open","ping_status":"open","sticky":false,"template":"","format":"standard","meta":{"footnotes":""},"categories":[38],"tags":[],"class_list":["post-13487","post","type-post","status-publish","format-standard","has-post-thumbnail","","category-nuevo-laredo"],"_links":{"self":[{"href":"https:\/\/www.radiointeractivo.com.mx\/index.php?rest_route=\/wp\/v2\/posts\/13487","targetHints":{"allow":["GET"]}}],"collection":[{"href":"https:\/\/www.radiointeractivo.com.mx\/index.php?rest_route=\/wp\/v2\/posts"}],"about":[{"href":"https:\/\/www.radiointeractivo.com.mx\/index.php?rest_route=\/wp\/v2\/types\/post"}],"author":[{"embeddable":true,"href":"https:\/\/www.radiointeractivo.com.mx\/index.php?rest_route=\/wp\/v2\/users\/1"}],"replies":[{"embeddable":true,"href":"https:\/\/www.radiointeractivo.com.mx\/index.php?rest_route=%2Fwp%2Fv2%2Fcomments&post=13487"}],"version-history":[{"count":1,"href":"https:\/\/www.radiointeractivo.com.mx\/index.php?rest_route=\/wp\/v2\/posts\/13487\/revisions"}],"predecessor-version":[{"id":13489,"href":"https:\/\/www.radiointeractivo.com.mx\/index.php?rest_route=\/wp\/v2\/posts\/13487\/revisions\/13489"}],"wp:featuredmedia":[{"embeddable":true,"href":"https:\/\/www.radiointeractivo.com.mx\/index.php?rest_route=\/wp\/v2\/media\/13488"}],"wp:attachment":[{"href":"https:\/\/www.radiointeractivo.com.mx\/index.php?rest_route=%2Fwp%2Fv2%2Fmedia&parent=13487"}],"wp:term":[{"taxonomy":"category","embeddable":true,"href":"https:\/\/www.radiointeractivo.com.mx\/index.php?rest_route=%2Fwp%2Fv2%2Fcategories&post=13487"},{"taxonomy":"post_tag","embeddable":true,"href":"https:\/\/www.radiointeractivo.com.mx\/index.php?rest_route=%2Fwp%2Fv2%2Ftags&post=13487"}],"curies":[{"name":"wp","href":"https:\/\/api.w.org\/{rel}","templated":true}]}}