{"id":13480,"date":"2025-01-26T17:35:40","date_gmt":"2025-01-26T23:35:40","guid":{"rendered":"https:\/\/www.radiointeractivo.com.mx\/?p=13480"},"modified":"2025-01-26T17:35:41","modified_gmt":"2025-01-26T23:35:41","slug":"inicia-contraloria-gubernamental-preparativos-para-la-declaracion-de-situacion-patrimonial-2025","status":"publish","type":"post","link":"https:\/\/www.radiointeractivo.com.mx\/?p=13480","title":{"rendered":"Inicia Contralor\u00eda Gubernamental preparativos para la Declaraci\u00f3n de Situaci\u00f3n Patrimonial 2025"},"content":{"rendered":"\n<figure class=\"wp-block-image size-large\"><img loading=\"lazy\" decoding=\"async\" width=\"1024\" height=\"858\" src=\"https:\/\/www.radiointeractivo.com.mx\/wp-content\/uploads\/2025\/01\/WhatsApp-Image-2025-01-26-at-2.09.46-PM-1024x858.jpeg\" alt=\"\" class=\"wp-image-13481\" srcset=\"https:\/\/www.radiointeractivo.com.mx\/wp-content\/uploads\/2025\/01\/WhatsApp-Image-2025-01-26-at-2.09.46-PM-1024x858.jpeg 1024w, https:\/\/www.radiointeractivo.com.mx\/wp-content\/uploads\/2025\/01\/WhatsApp-Image-2025-01-26-at-2.09.46-PM-300x251.jpeg 300w, https:\/\/www.radiointeractivo.com.mx\/wp-content\/uploads\/2025\/01\/WhatsApp-Image-2025-01-26-at-2.09.46-PM-768x644.jpeg 768w, https:\/\/www.radiointeractivo.com.mx\/wp-content\/uploads\/2025\/01\/WhatsApp-Image-2025-01-26-at-2.09.46-PM-1536x1287.jpeg 1536w, https:\/\/www.radiointeractivo.com.mx\/wp-content\/uploads\/2025\/01\/WhatsApp-Image-2025-01-26-at-2.09.46-PM.jpeg 1600w\" sizes=\"auto, (max-width: 1024px) 100vw, 1024px\" \/><\/figure>\n\n\n\n<p>Por: Agencias<\/p>\n\n\n\n<p>Ciudad Victoria, Tamaulipas.- La Contralor\u00eda Gubernamental del Estado de Tamaulipas inicia los preparativos para recibir la Declaraci\u00f3n de Situaci\u00f3n Patrimonial y de Intereses 2025, de m\u00e1s de 80 mil personas servidoras p\u00fablicas que laboran en el Gobierno del Estado de Tamaulipas.<\/p>\n\n\n\n<p>La contralora gubernamental, Norma Ang\u00e9lica Pedraza Melo, instruy\u00f3 a la Direcci\u00f3n de Responsabilidades y Situaci\u00f3n Patrimonial y de Intereses, adscrita a la Subcontralor\u00eda de Control y Auditor\u00eda, para que inicien la capacitaci\u00f3n a personal de apoyo y atenci\u00f3n a las personas servidoras p\u00fablicas que requieran acompa\u00f1amiento en el cumplimiento de esta obligaci\u00f3n que marca el art\u00edculo 33 de la Ley de Responsabilidades Administrativas del Estado.<\/p>\n\n\n\n<p>La Declaraci\u00f3n de Situaci\u00f3n Patrimonial debe presentarse en su versi\u00f3n inicial, dentro de los sesenta d\u00edas naturales siguientes a la toma de posesi\u00f3n con motivo de ingreso al servicio p\u00fablico por primera vez o al reingreso del servicio p\u00fablico, luego de concluir un encargo en la administraci\u00f3n p\u00fablica.<\/p>\n\n\n\n<p>La Declaraci\u00f3n de Modificaci\u00f3n Patrimonial se presenta exclusivamente en el mes de mayo de cada a\u00f1o y la Declaraci\u00f3n de Conclusi\u00f3n la debe presentar toda persona servidora p\u00fablica que concluya su labor en el servicio p\u00fablico, dentro de los sesenta d\u00edas siguientes a su jubilaci\u00f3n o renuncia.<\/p>\n\n\n\n<p>En caso de que exista un cambio de dependencia, las personas servidoras p\u00fablicas deber\u00e1n notificar el mismo al \u00d3rgano Interno de Control de la dependencia o entidad donde prestan sus servicios profesionales o laborales.<\/p>\n","protected":false},"excerpt":{"rendered":"<p>Por: Agencias Ciudad Victoria, Tamaulipas.- La Contralor\u00eda Gubernamental del Estado de Tamaulipas inicia los preparativos para recibir la Declaraci\u00f3n de Situaci\u00f3n Patrimonial y de Intereses 2025, de m\u00e1s de 80 mil personas servidoras p\u00fablicas que laboran en el Gobierno del Estado de Tamaulipas. La contralora gubernamental, Norma Ang\u00e9lica Pedraza Melo, instruy\u00f3 a la Direcci\u00f3n de &hellip;<\/p>\n","protected":false},"author":1,"featured_media":13481,"comment_status":"open","ping_status":"open","sticky":false,"template":"","format":"standard","meta":{"footnotes":""},"categories":[39],"tags":[],"class_list":["post-13480","post","type-post","status-publish","format-standard","has-post-thumbnail","","category-tamaulipas"],"_links":{"self":[{"href":"https:\/\/www.radiointeractivo.com.mx\/index.php?rest_route=\/wp\/v2\/posts\/13480","targetHints":{"allow":["GET"]}}],"collection":[{"href":"https:\/\/www.radiointeractivo.com.mx\/index.php?rest_route=\/wp\/v2\/posts"}],"about":[{"href":"https:\/\/www.radiointeractivo.com.mx\/index.php?rest_route=\/wp\/v2\/types\/post"}],"author":[{"embeddable":true,"href":"https:\/\/www.radiointeractivo.com.mx\/index.php?rest_route=\/wp\/v2\/users\/1"}],"replies":[{"embeddable":true,"href":"https:\/\/www.radiointeractivo.com.mx\/index.php?rest_route=%2Fwp%2Fv2%2Fcomments&post=13480"}],"version-history":[{"count":1,"href":"https:\/\/www.radiointeractivo.com.mx\/index.php?rest_route=\/wp\/v2\/posts\/13480\/revisions"}],"predecessor-version":[{"id":13482,"href":"https:\/\/www.radiointeractivo.com.mx\/index.php?rest_route=\/wp\/v2\/posts\/13480\/revisions\/13482"}],"wp:featuredmedia":[{"embeddable":true,"href":"https:\/\/www.radiointeractivo.com.mx\/index.php?rest_route=\/wp\/v2\/media\/13481"}],"wp:attachment":[{"href":"https:\/\/www.radiointeractivo.com.mx\/index.php?rest_route=%2Fwp%2Fv2%2Fmedia&parent=13480"}],"wp:term":[{"taxonomy":"category","embeddable":true,"href":"https:\/\/www.radiointeractivo.com.mx\/index.php?rest_route=%2Fwp%2Fv2%2Fcategories&post=13480"},{"taxonomy":"post_tag","embeddable":true,"href":"https:\/\/www.radiointeractivo.com.mx\/index.php?rest_route=%2Fwp%2Fv2%2Ftags&post=13480"}],"curies":[{"name":"wp","href":"https:\/\/api.w.org\/{rel}","templated":true}]}}