{"id":13462,"date":"2025-01-25T15:12:40","date_gmt":"2025-01-25T21:12:40","guid":{"rendered":"https:\/\/www.radiointeractivo.com.mx\/?p=13462"},"modified":"2025-01-25T15:12:44","modified_gmt":"2025-01-25T21:12:44","slug":"invita-alcaldesa-carmen-lilia-canturosas-a-aprovechar-prorroga-para-el-registro-de-becas-municipales","status":"publish","type":"post","link":"https:\/\/www.radiointeractivo.com.mx\/?p=13462","title":{"rendered":"INVITA ALCALDESA CARMEN LILIA CANTUROSAS A APROVECHAR PR\u00d3RROGA PARA EL REGISTRO DE BECAS MUNICIPALES"},"content":{"rendered":"\n<figure class=\"wp-block-image size-large\"><img loading=\"lazy\" decoding=\"async\" width=\"1024\" height=\"682\" src=\"https:\/\/www.radiointeractivo.com.mx\/wp-content\/uploads\/2025\/01\/WhatsApp-Image-2025-01-25-at-1.21.11-PM-1024x682.jpeg\" alt=\"\" class=\"wp-image-13463\" srcset=\"https:\/\/www.radiointeractivo.com.mx\/wp-content\/uploads\/2025\/01\/WhatsApp-Image-2025-01-25-at-1.21.11-PM-1024x682.jpeg 1024w, https:\/\/www.radiointeractivo.com.mx\/wp-content\/uploads\/2025\/01\/WhatsApp-Image-2025-01-25-at-1.21.11-PM-300x200.jpeg 300w, https:\/\/www.radiointeractivo.com.mx\/wp-content\/uploads\/2025\/01\/WhatsApp-Image-2025-01-25-at-1.21.11-PM-768x512.jpeg 768w, https:\/\/www.radiointeractivo.com.mx\/wp-content\/uploads\/2025\/01\/WhatsApp-Image-2025-01-25-at-1.21.11-PM-310x205.jpeg 310w, https:\/\/www.radiointeractivo.com.mx\/wp-content\/uploads\/2025\/01\/WhatsApp-Image-2025-01-25-at-1.21.11-PM.jpeg 1280w\" sizes=\"auto, (max-width: 1024px) 100vw, 1024px\" \/><\/figure>\n\n\n\n<p>Por: Staff | #NuevoLaredo #Laredo #NLD #Tamaulipas<\/p>\n\n\n\n<p>El Gobierno Municipal a trav\u00e9s de la Secretar\u00eda de Educaci\u00f3n Cultura y Deporte, invita a la ciudadan\u00eda a aprovechar la pr\u00f3rroga para el registro de las becas \u201cJuntos Lo Hacemos Posible\u201d extendi\u00f3 hasta el 4 de febrero a petici\u00f3n de los padres de familia.<\/p>\n\n\n\n<p>La presidenta municipal Carmen Lilia Canturosas Villarreal invit\u00f3 a los padres de familia con hijos en grados de educaci\u00f3n b\u00e1sica y especial a que se registren y puedan ser acreedores a este beneficio educativo.<\/p>\n\n\n\n<p>\u201cInvitamos a todos los padres de familia, en especial a aquellos que por distintas razones no han podido hacer el registro de sus hijos para esta beca, lo hagan lo m\u00e1s pronto posible, se aplic\u00f3 una pr\u00f3rroga hasta el 4 de febrero para que nadie se quede sin registrarse para la beca \u201cJuntos Lo Hacemos Posible, queremos que m\u00e1s ni\u00f1as y ni\u00f1os tengan acceso a este beneficio del Gobierno Municipal\u201d, manifest\u00f3 la alcaldesa.<\/p>\n\n\n\n<p>El objetivo de esta pr\u00f3rroga es de que m\u00e1s padres y madres de familia tengan el tiempo suficiente para registrar a sus hijos de manera digital en dicho programa y puedan disfrutar de este beneficio para que el tema econ\u00f3mico no sea factor que afecte el desarrollo de los estudios del estudiante.<\/p>\n\n\n\n<p>Para tal efecto, se han girado instrucciones para que la Secretar\u00eda de Educaci\u00f3n, Cultura y Deporte mantenga el registro por medio de la p\u00e1gina www.nld.gob.mx.<\/p>\n\n\n\n<p>Asimismo y con la finalidad de hacer m\u00e1s f\u00e1cil el registro y apoyar a aquellos que lo requieran, contin\u00faan activados los tres m\u00f3dulos para el registro en l\u00ednea a quienes no tengan acceso a internet.<\/p>\n\n\n\n<p>La atenci\u00f3n es de 9 de la ma\u00f1ana a 2 de la tarde en el edificio anexo a presidencia municipal; en la Biblioteca Municipal Octavio Paz, ubicada en la colonia Concordia y en la Biblioteca Emiliano Zapata, en Calzada Revoluci\u00f3n 7401, colonia Buena Vista.<\/p>\n\n\n\n<p>Los requisitos para el registro son copias de los siguientes documentos: Acta de nacimiento y CURP del alumno, Boleta de calificaciones.<\/p>\n\n\n\n<p>Asimismo, Comprobante de domicilio; INE del padre, madre o tutor; CURP y RFC del padre, madre o tutor para generar la cuenta bancaria.<\/p>\n","protected":false},"excerpt":{"rendered":"<p>Por: Staff | #NuevoLaredo #Laredo #NLD #Tamaulipas El Gobierno Municipal a trav\u00e9s de la Secretar\u00eda de Educaci\u00f3n Cultura y Deporte, invita a la ciudadan\u00eda a aprovechar la pr\u00f3rroga para el registro de las becas \u201cJuntos Lo Hacemos Posible\u201d extendi\u00f3 hasta el 4 de febrero a petici\u00f3n de los padres de familia. La presidenta municipal Carmen &hellip;<\/p>\n","protected":false},"author":1,"featured_media":13463,"comment_status":"open","ping_status":"open","sticky":false,"template":"","format":"standard","meta":{"footnotes":""},"categories":[38],"tags":[],"class_list":["post-13462","post","type-post","status-publish","format-standard","has-post-thumbnail","","category-nuevo-laredo"],"_links":{"self":[{"href":"https:\/\/www.radiointeractivo.com.mx\/index.php?rest_route=\/wp\/v2\/posts\/13462","targetHints":{"allow":["GET"]}}],"collection":[{"href":"https:\/\/www.radiointeractivo.com.mx\/index.php?rest_route=\/wp\/v2\/posts"}],"about":[{"href":"https:\/\/www.radiointeractivo.com.mx\/index.php?rest_route=\/wp\/v2\/types\/post"}],"author":[{"embeddable":true,"href":"https:\/\/www.radiointeractivo.com.mx\/index.php?rest_route=\/wp\/v2\/users\/1"}],"replies":[{"embeddable":true,"href":"https:\/\/www.radiointeractivo.com.mx\/index.php?rest_route=%2Fwp%2Fv2%2Fcomments&post=13462"}],"version-history":[{"count":1,"href":"https:\/\/www.radiointeractivo.com.mx\/index.php?rest_route=\/wp\/v2\/posts\/13462\/revisions"}],"predecessor-version":[{"id":13464,"href":"https:\/\/www.radiointeractivo.com.mx\/index.php?rest_route=\/wp\/v2\/posts\/13462\/revisions\/13464"}],"wp:featuredmedia":[{"embeddable":true,"href":"https:\/\/www.radiointeractivo.com.mx\/index.php?rest_route=\/wp\/v2\/media\/13463"}],"wp:attachment":[{"href":"https:\/\/www.radiointeractivo.com.mx\/index.php?rest_route=%2Fwp%2Fv2%2Fmedia&parent=13462"}],"wp:term":[{"taxonomy":"category","embeddable":true,"href":"https:\/\/www.radiointeractivo.com.mx\/index.php?rest_route=%2Fwp%2Fv2%2Fcategories&post=13462"},{"taxonomy":"post_tag","embeddable":true,"href":"https:\/\/www.radiointeractivo.com.mx\/index.php?rest_route=%2Fwp%2Fv2%2Ftags&post=13462"}],"curies":[{"name":"wp","href":"https:\/\/api.w.org\/{rel}","templated":true}]}}