{"id":13445,"date":"2025-01-24T14:39:31","date_gmt":"2025-01-24T20:39:31","guid":{"rendered":"https:\/\/www.radiointeractivo.com.mx\/?p=13445"},"modified":"2025-01-24T14:39:32","modified_gmt":"2025-01-24T20:39:32","slug":"supervisa-sergio-cheko-ojeda-instalacion-del-albergue-temporal-para-repatriados-en-nuevo-laredo","status":"publish","type":"post","link":"https:\/\/www.radiointeractivo.com.mx\/?p=13445","title":{"rendered":"Supervisa Sergio \u201cCheko\u201d Ojeda instalaci\u00f3n del albergue temporal para repatriados en Nuevo Laredo"},"content":{"rendered":"\n<figure class=\"wp-block-image size-large\"><img loading=\"lazy\" decoding=\"async\" width=\"1024\" height=\"768\" src=\"https:\/\/www.radiointeractivo.com.mx\/wp-content\/uploads\/2025\/01\/WhatsApp-Image-2025-01-24-at-1.29.12-PM-1024x768.jpeg\" alt=\"\" class=\"wp-image-13446\" srcset=\"https:\/\/www.radiointeractivo.com.mx\/wp-content\/uploads\/2025\/01\/WhatsApp-Image-2025-01-24-at-1.29.12-PM-1024x768.jpeg 1024w, https:\/\/www.radiointeractivo.com.mx\/wp-content\/uploads\/2025\/01\/WhatsApp-Image-2025-01-24-at-1.29.12-PM-300x225.jpeg 300w, https:\/\/www.radiointeractivo.com.mx\/wp-content\/uploads\/2025\/01\/WhatsApp-Image-2025-01-24-at-1.29.12-PM-768x576.jpeg 768w, https:\/\/www.radiointeractivo.com.mx\/wp-content\/uploads\/2025\/01\/WhatsApp-Image-2025-01-24-at-1.29.12-PM-1536x1152.jpeg 1536w, https:\/\/www.radiointeractivo.com.mx\/wp-content\/uploads\/2025\/01\/WhatsApp-Image-2025-01-24-at-1.29.12-PM.jpeg 1600w\" sizes=\"auto, (max-width: 1024px) 100vw, 1024px\" \/><\/figure>\n\n\n\n<p>-El refugio temporal para los mexicanos y mexicanos deportados por el gobierno de Estados Unidos forma parte del programa federal \u201cM\u00e9xico te Abraza\u201d.<\/p>\n\n\n\n<p>Por: Agencias<\/p>\n\n\n\n<p>Tamaulipas.- El diputado local y presidente de la Comisi\u00f3n de Asuntos Fronterizos y Migratorios, Sergio \u201cCheko\u201d Ojeda Castillo, realiz\u00f3 una supervisi\u00f3n a la obra de instalaci\u00f3n del albergue temporal para repatriados por Estados Unidos, que se ubica en el estacionamiento del Polyforum La Fe.<\/p>\n\n\n\n<p>Se edifican tres estructuras, mismas que se equipar\u00e1n con lo necesario para que los mexicanos y mexicanas que requieran el apoyo est\u00e9n tranquilos.<\/p>\n\n\n\n<p>\u201cVisite las instalaciones del albergue temporal del programa &#8220;M\u00e9xico te Abraza&#8221;, contar\u00e1 con 3 naves de diferentes dimensiones, el termino de la instalaci\u00f3n ser\u00e1 de 3 a 4 d\u00edas\u201d inform\u00f3 Sergio \u201cCheko\u201d Ojeda.<\/p>\n\n\n\n<p>Una vez habilitado, se contar\u00e1 con la presencia de al menos 12 secretarias del gobierno federal y estatal, para asistir a todos los nacionales en el tr\u00e1mite de alg\u00fan documento, asesor\u00eda, empleo en su estado natal y movilidad.<\/p>\n\n\n\n<p>\u201cLos tres \u00f3rdenes de gobierno trabajan en equipo para recibir a nuestros hermanos y hermanas mexicanas con los abrazos abiertos\u201d finaliz\u00f3 Ojeda Castillo.<\/p>\n\n\n\n<p>Los albergues temporales tambi\u00e9n se construyen en Reynosa, Matamoros y Tampico.<\/p>\n","protected":false},"excerpt":{"rendered":"<p>-El refugio temporal para los mexicanos y mexicanos deportados por el gobierno de Estados Unidos forma parte del programa federal \u201cM\u00e9xico te Abraza\u201d. Por: Agencias Tamaulipas.- El diputado local y presidente de la Comisi\u00f3n de Asuntos Fronterizos y Migratorios, Sergio \u201cCheko\u201d Ojeda Castillo, realiz\u00f3 una supervisi\u00f3n a la obra de instalaci\u00f3n del albergue temporal para &hellip;<\/p>\n","protected":false},"author":1,"featured_media":13446,"comment_status":"open","ping_status":"open","sticky":false,"template":"","format":"standard","meta":{"footnotes":""},"categories":[38],"tags":[],"class_list":["post-13445","post","type-post","status-publish","format-standard","has-post-thumbnail","","category-nuevo-laredo"],"_links":{"self":[{"href":"https:\/\/www.radiointeractivo.com.mx\/index.php?rest_route=\/wp\/v2\/posts\/13445","targetHints":{"allow":["GET"]}}],"collection":[{"href":"https:\/\/www.radiointeractivo.com.mx\/index.php?rest_route=\/wp\/v2\/posts"}],"about":[{"href":"https:\/\/www.radiointeractivo.com.mx\/index.php?rest_route=\/wp\/v2\/types\/post"}],"author":[{"embeddable":true,"href":"https:\/\/www.radiointeractivo.com.mx\/index.php?rest_route=\/wp\/v2\/users\/1"}],"replies":[{"embeddable":true,"href":"https:\/\/www.radiointeractivo.com.mx\/index.php?rest_route=%2Fwp%2Fv2%2Fcomments&post=13445"}],"version-history":[{"count":1,"href":"https:\/\/www.radiointeractivo.com.mx\/index.php?rest_route=\/wp\/v2\/posts\/13445\/revisions"}],"predecessor-version":[{"id":13447,"href":"https:\/\/www.radiointeractivo.com.mx\/index.php?rest_route=\/wp\/v2\/posts\/13445\/revisions\/13447"}],"wp:featuredmedia":[{"embeddable":true,"href":"https:\/\/www.radiointeractivo.com.mx\/index.php?rest_route=\/wp\/v2\/media\/13446"}],"wp:attachment":[{"href":"https:\/\/www.radiointeractivo.com.mx\/index.php?rest_route=%2Fwp%2Fv2%2Fmedia&parent=13445"}],"wp:term":[{"taxonomy":"category","embeddable":true,"href":"https:\/\/www.radiointeractivo.com.mx\/index.php?rest_route=%2Fwp%2Fv2%2Fcategories&post=13445"},{"taxonomy":"post_tag","embeddable":true,"href":"https:\/\/www.radiointeractivo.com.mx\/index.php?rest_route=%2Fwp%2Fv2%2Ftags&post=13445"}],"curies":[{"name":"wp","href":"https:\/\/api.w.org\/{rel}","templated":true}]}}