{"id":13442,"date":"2025-01-24T14:32:45","date_gmt":"2025-01-24T20:32:45","guid":{"rendered":"https:\/\/www.radiointeractivo.com.mx\/?p=13442"},"modified":"2025-01-24T14:32:50","modified_gmt":"2025-01-24T20:32:50","slug":"sistema-dif-tamaulipas-reconoce-a-integrantes-de-los-comedores-comunitarios-en-nuevo-laredo","status":"publish","type":"post","link":"https:\/\/www.radiointeractivo.com.mx\/?p=13442","title":{"rendered":"SISTEMA DIF TAMAULIPAS RECONOCE A INTEGRANTES DE LOS COMEDORES COMUNITARIOS EN NUEVO LAREDO"},"content":{"rendered":"\n<figure class=\"wp-block-image size-large\"><img loading=\"lazy\" decoding=\"async\" width=\"1024\" height=\"682\" src=\"https:\/\/www.radiointeractivo.com.mx\/wp-content\/uploads\/2025\/01\/WhatsApp-Image-2025-01-24-at-1.04.46-PM-1024x682.jpeg\" alt=\"\" class=\"wp-image-13443\" srcset=\"https:\/\/www.radiointeractivo.com.mx\/wp-content\/uploads\/2025\/01\/WhatsApp-Image-2025-01-24-at-1.04.46-PM-1024x682.jpeg 1024w, https:\/\/www.radiointeractivo.com.mx\/wp-content\/uploads\/2025\/01\/WhatsApp-Image-2025-01-24-at-1.04.46-PM-300x200.jpeg 300w, https:\/\/www.radiointeractivo.com.mx\/wp-content\/uploads\/2025\/01\/WhatsApp-Image-2025-01-24-at-1.04.46-PM-768x512.jpeg 768w, https:\/\/www.radiointeractivo.com.mx\/wp-content\/uploads\/2025\/01\/WhatsApp-Image-2025-01-24-at-1.04.46-PM-310x205.jpeg 310w, https:\/\/www.radiointeractivo.com.mx\/wp-content\/uploads\/2025\/01\/WhatsApp-Image-2025-01-24-at-1.04.46-PM.jpeg 1280w\" sizes=\"auto, (max-width: 1024px) 100vw, 1024px\" \/><\/figure>\n\n\n\n<p>Por: Staff | #NuevoLaredo #Laredo #NLD #Tamaulipas<\/p>\n\n\n\n<p>El Sistema DIF Tamaulipas entreg\u00f3 est\u00edmulos econ\u00f3micos a 12 personas que colaboran diariamente en la preparaci\u00f3n de m\u00e1s de 100 platillos balanceados y nutritivos en los Comedores Comunitarios &#8220;Voluntad, Paz y Esperanza&#8221;.<\/p>\n\n\n\n<p>Como parte del reconocimiento a su esfuerzo y compromiso, los beneficiarios recibieron un est\u00edmulo anual de mil 500 pesos.<\/p>\n\n\n\n<p>Este apoyo refleja la importancia de su labor en la atenci\u00f3n de personas en situaci\u00f3n de vulnerabilidad, a quienes brindan alimentos de calidad con calidez y dedicaci\u00f3n en los Comedores Comunitarios ubicados en las colonias El Progreso y El Bayito en Nuevo Laredo.<\/p>\n\n\n\n<p>Ambos comedores operan de lunes a viernes, en un horario de 8:00 a.m. a 3:00 p.m., ofreciendo un espacio donde las personas pueden acceder a alimentos saludables promoviendo as\u00ed el bienestar comunitario.<\/p>\n\n\n\n<p>Con estas acciones, el Sistema DIF Tamaulipas reafirma su compromiso de trabajar por el desarrollo social y mejorar la calidad de vida de las familias vulnerables.<\/p>\n","protected":false},"excerpt":{"rendered":"<p>Por: Staff | #NuevoLaredo #Laredo #NLD #Tamaulipas El Sistema DIF Tamaulipas entreg\u00f3 est\u00edmulos econ\u00f3micos a 12 personas que colaboran diariamente en la preparaci\u00f3n de m\u00e1s de 100 platillos balanceados y nutritivos en los Comedores Comunitarios &#8220;Voluntad, Paz y Esperanza&#8221;. Como parte del reconocimiento a su esfuerzo y compromiso, los beneficiarios recibieron un est\u00edmulo anual de &hellip;<\/p>\n","protected":false},"author":1,"featured_media":13443,"comment_status":"open","ping_status":"open","sticky":false,"template":"","format":"standard","meta":{"footnotes":""},"categories":[38],"tags":[],"class_list":["post-13442","post","type-post","status-publish","format-standard","has-post-thumbnail","","category-nuevo-laredo"],"_links":{"self":[{"href":"https:\/\/www.radiointeractivo.com.mx\/index.php?rest_route=\/wp\/v2\/posts\/13442","targetHints":{"allow":["GET"]}}],"collection":[{"href":"https:\/\/www.radiointeractivo.com.mx\/index.php?rest_route=\/wp\/v2\/posts"}],"about":[{"href":"https:\/\/www.radiointeractivo.com.mx\/index.php?rest_route=\/wp\/v2\/types\/post"}],"author":[{"embeddable":true,"href":"https:\/\/www.radiointeractivo.com.mx\/index.php?rest_route=\/wp\/v2\/users\/1"}],"replies":[{"embeddable":true,"href":"https:\/\/www.radiointeractivo.com.mx\/index.php?rest_route=%2Fwp%2Fv2%2Fcomments&post=13442"}],"version-history":[{"count":1,"href":"https:\/\/www.radiointeractivo.com.mx\/index.php?rest_route=\/wp\/v2\/posts\/13442\/revisions"}],"predecessor-version":[{"id":13444,"href":"https:\/\/www.radiointeractivo.com.mx\/index.php?rest_route=\/wp\/v2\/posts\/13442\/revisions\/13444"}],"wp:featuredmedia":[{"embeddable":true,"href":"https:\/\/www.radiointeractivo.com.mx\/index.php?rest_route=\/wp\/v2\/media\/13443"}],"wp:attachment":[{"href":"https:\/\/www.radiointeractivo.com.mx\/index.php?rest_route=%2Fwp%2Fv2%2Fmedia&parent=13442"}],"wp:term":[{"taxonomy":"category","embeddable":true,"href":"https:\/\/www.radiointeractivo.com.mx\/index.php?rest_route=%2Fwp%2Fv2%2Fcategories&post=13442"},{"taxonomy":"post_tag","embeddable":true,"href":"https:\/\/www.radiointeractivo.com.mx\/index.php?rest_route=%2Fwp%2Fv2%2Ftags&post=13442"}],"curies":[{"name":"wp","href":"https:\/\/api.w.org\/{rel}","templated":true}]}}